{"id":2439,"date":"2024-08-06T12:09:45","date_gmt":"2024-08-06T10:09:45","guid":{"rendered":"https:\/\/agronoticias.es\/de\/?p=2439"},"modified":"2024-08-06T12:09:46","modified_gmt":"2024-08-06T10:09:46","slug":"hde-konsumbarometer-im-august-stimmung-der-verbraucherinnen-und-verbraucher-stagniert","status":"publish","type":"post","link":"https:\/\/agronoticias.es\/de\/hde-konsumbarometer-im-august-stimmung-der-verbraucherinnen-und-verbraucher-stagniert\/","title":{"rendered":"HDE-Konsumbarometer im August: Stimmung der Verbraucherinnen und Verbraucher stagniert"},"content":{"rendered":"\n<p>Nachdem die Verbraucherstimmung zuletzt ins Stocken geraten war, stagniert sie im August und l\u00e4sst die Hoffnung auf eine nachhaltige Erholung schwinden. Das zeigt das aktuelle Konsumbarometer des Handelsverbandes Deutschland (HDE). Der Index verharrt auf dem Niveau des Vormonats. Zwar tr\u00fcbt sich die Stimmung der Verbraucherinnen und Verbraucher nicht sp\u00fcrbar weiter ein, doch das unver\u00e4nderte Stimmungsniveau deutet auf das Ausbleiben einer baldigen Erholung von privatem Konsum und Gesamtwirtschaft hin.<\/p>\n\n\n\n<p>Unver\u00e4ndert bleibt im Vergleich zum Vormonat auch die Anschaffungsneigung der Verbraucherinnen und Verbraucher. Gleichzeitig steigt ihre Sparneigung an. Dadurch ergibt sich eine weitere Verschiebung vom Konsum hin zum Sparen. Die Verbraucher planen, ihre Sparanstrengungen zu intensivieren. Diese Entwicklung zeichnete sich bereits zu Jahresbeginn ab. Im ersten Quartal 2024 lag die Sparquote \u00fcber dem Niveau des Vorjahresquartals. Die durchwachsende konjunkturelle Lage und die zunehmende Arbeitslosigkeit k\u00f6nnten den Trend zum Vorsichtssparen weiter verst\u00e4rken. Ein Impuls f\u00fcr den privaten Konsum ist daher in den n\u00e4chsten Wochen nicht zu erwarten.<\/p>\n\n\n\n<p>Angesichts des verhaltenen Verlaufs der konjunkturellen Entwicklung sind auch die Konjunkturerwartungen der Verbraucherinnen und Verbraucher nicht von deutlichem Optimismus gepr\u00e4gt. W\u00e4hrend die Unternehmen aktuell pessimistischer auf die weitere Entwicklung blicken, legen die konjunkturellen Erwartungen der Verbraucher im Vergleich zum Vormonat jedoch geringf\u00fcgig zu. Leichter Optimismus zeigt sich auch bei den ebenfalls gestiegenen Erwartungen der Verbraucher mit Blick auf das eigene Einkommen. Da die Sparneigung zugenommen hat, flie\u00dft das erwartete Einkommensplus allerdings vermutlich in den Ausbau des finanziellen Polsters und nicht in den privaten Konsum.<\/p>\n\n\n\n<p>Eine Fortsetzung der Erholung der Verbraucherstimmung in Deutschland f\u00e4llt somit zun\u00e4chst aus. Zu beobachten ist vielmehr eine Stagnation. Zwar deutet sich auch kein Negativtrend in der Entwicklung an, doch deutlich wird der bei den Verbraucherinnen und Verbrauchern weiterhin fehlende Optimismus. Es \u00fcberwiegt eine gewisse Unsicherheit. In der Folge st\u00e4rken die Verbraucher ihre finanziellen R\u00fccklagen und stehen dem Konsum sehr verhalten gegen\u00fcber. Der private Konsum d\u00fcrfte sich vor diesem Hintergrund vorerst nicht erholen und als konjunktureller Wachstumstreiber wegfallen.<\/p>\n\n\n\n<p>Das jeweils am ersten Montag eines Monats erscheinende HDE-Konsumbarometer basiert auf einer monatlichen Umfrage unter 1.600 Personen zur Anschaffungsneigung, Sparneigung, finanziellen Situation und zu anderen konsumrelevanten Faktoren. Das Konsumbarometer, das vom Handelsblatt Research Institute (HRI) im Auftrag des HDE erstellt wird, hat eine Indikatorfunktion f\u00fcr den privaten Konsum. Es bildet nicht das aktuelle Verbraucherverhalten ab, sondern die erwartete Stimmung in den kommenden drei Monaten. Quelle &#8211; hde<\/p>\n\n\n\n<p><\/p>\n","protected":false},"excerpt":{"rendered":"<p>Nachdem die Verbraucherstimmung zuletzt ins Stocken geraten war, stagniert sie im August und l\u00e4sst die Hoffnung auf eine<\/p>\n","protected":false},"author":1,"featured_media":2440,"comment_status":"closed","ping_status":"closed","sticky":false,"template":"","format":"standard","meta":{"footnotes":""},"categories":[34],"tags":[],"class_list":["post-2439","post","type-post","status-publish","format-standard","has-post-thumbnail","hentry","category-allgemein"],"featured_image_urls":{"full":["https:\/\/agronoticias.es\/de\/wp-content\/uploads\/2024\/08\/alemania-consumidores.jpg",1353,699,false],"thumbnail":["https:\/\/agronoticias.es\/de\/wp-content\/uploads\/2024\/08\/alemania-consumidores-150x150.jpg",150,150,true],"medium":["https:\/\/agronoticias.es\/de\/wp-content\/uploads\/2024\/08\/alemania-consumidores-300x155.jpg",300,155,true],"medium_large":["https:\/\/agronoticias.es\/de\/wp-content\/uploads\/2024\/08\/alemania-consumidores-768x397.jpg",640,331,true],"large":["https:\/\/agronoticias.es\/de\/wp-content\/uploads\/2024\/08\/alemania-consumidores-1024x529.jpg",640,331,true],"1536x1536":["https:\/\/agronoticias.es\/de\/wp-content\/uploads\/2024\/08\/alemania-consumidores.jpg",1353,699,false],"2048x2048":["https:\/\/agronoticias.es\/de\/wp-content\/uploads\/2024\/08\/alemania-consumidores.jpg",1353,699,false],"morenews-large":["https:\/\/agronoticias.es\/de\/wp-content\/uploads\/2024\/08\/alemania-consumidores-825x575.jpg",825,575,true],"morenews-medium":["https:\/\/agronoticias.es\/de\/wp-content\/uploads\/2024\/08\/alemania-consumidores-590x410.jpg",590,410,true]},"author_info":{"display_name":"admin","author_link":"https:\/\/agronoticias.es\/de\/author\/admin\/"},"category_info":"<a href=\"https:\/\/agronoticias.es\/de\/category\/allgemein\/\" rel=\"category tag\">Allgemein<\/a>","tag_info":"Allgemein","comment_count":"0","_links":{"self":[{"href":"https:\/\/agronoticias.es\/de\/wp-json\/wp\/v2\/posts\/2439","targetHints":{"allow":["GET"]}}],"collection":[{"href":"https:\/\/agronoticias.es\/de\/wp-json\/wp\/v2\/posts"}],"about":[{"href":"https:\/\/agronoticias.es\/de\/wp-json\/wp\/v2\/types\/post"}],"author":[{"embeddable":true,"href":"https:\/\/agronoticias.es\/de\/wp-json\/wp\/v2\/users\/1"}],"replies":[{"embeddable":true,"href":"https:\/\/agronoticias.es\/de\/wp-json\/wp\/v2\/comments?post=2439"}],"version-history":[{"count":1,"href":"https:\/\/agronoticias.es\/de\/wp-json\/wp\/v2\/posts\/2439\/revisions"}],"predecessor-version":[{"id":2441,"href":"https:\/\/agronoticias.es\/de\/wp-json\/wp\/v2\/posts\/2439\/revisions\/2441"}],"wp:featuredmedia":[{"embeddable":true,"href":"https:\/\/agronoticias.es\/de\/wp-json\/wp\/v2\/media\/2440"}],"wp:attachment":[{"href":"https:\/\/agronoticias.es\/de\/wp-json\/wp\/v2\/media?parent=2439"}],"wp:term":[{"taxonomy":"category","embeddable":true,"href":"https:\/\/agronoticias.es\/de\/wp-json\/wp\/v2\/categories?post=2439"},{"taxonomy":"post_tag","embeddable":true,"href":"https:\/\/agronoticias.es\/de\/wp-json\/wp\/v2\/tags?post=2439"}],"curies":[{"name":"wp","href":"https:\/\/api.w.org\/{rel}","templated":true}]}}