{"id":2429,"date":"2024-08-06T10:09:28","date_gmt":"2024-08-06T08:09:28","guid":{"rendered":"https:\/\/agronoticias.es\/de\/?p=2429"},"modified":"2024-08-06T12:01:27","modified_gmt":"2024-08-06T10:01:27","slug":"kaufland-geht-nachsten-schritt-bei-elektrifizierung-der-transportlogistik","status":"publish","type":"post","link":"https:\/\/agronoticias.es\/de\/kaufland-geht-nachsten-schritt-bei-elektrifizierung-der-transportlogistik\/","title":{"rendered":"Kaufland geht n\u00e4chsten Schritt bei Elektrifizierung der Transportlogistik"},"content":{"rendered":"\n<p><br>Kaufland macht auf dem Weg der E-Transformation im Lieferverkehr weiter Tempo und setzt auch an seinem Logistikstandort in Barsinghausen die ersten Lkw unter Strom \u2013 mit der Initiative \u201eElectra\u201c.<br><br>Drei verschiedene Modelle der Hersteller Renault, Volvo und Daimler Trucks beliefern von hier aus k\u00fcnftig Filialen im Raum Hannover elektrisch. Zwei RT e-Tech von Renault sind bereits unterwegs und der FH 42 Electric von Volvo dreht in k\u00fcrze ebenfalls seine lautlosen Runden. Der besonders innovative eActros 600 von Mercedes Benz soll die Test-Flotte, die dann bereits ein j\u00e4hrliches CO2-Einsparpotenzial von rund 5,5 Tonnen mit sich bringt, Anfang n\u00e4chsten Jahres komplettieren.<\/p>\n\n\n\n<p>Zum Einsatz kommen dabei nicht nur elektrische Lastwagen, sondern zudem vollst\u00e4ndig elektrische K\u00fchlauflieger. Auch diese sind von unterschiedlichen Herstellern, um m\u00f6glichst vielf\u00e4ltige Erkenntnisse aus dem Test zu gewinnen. Geladen wird zun\u00e4chst an zwei mobilen Ladeeinheiten am Logistikzentrum in Barsinghausen. Perspektivisch plant Kaufland in Barsinghausen einen Ladepark analog dem bereits bestehenden im baden-w\u00fcrttembergischen M\u00f6ckm\u00fchl.<\/p>\n\n\n\n<p>\u201eWir konnten bereits \u00fcber ein halbes Jahr mit unserem E-Ladepark in M\u00f6ckm\u00fchl Erfahrungen sammeln. Auf dieser Basis machen wir Machbarkeitsanalysen f\u00fcr all unsere Logistik-Standorte, um an weiteren Standorten E-Lkw einzusetzen und die Ladeinfrastruktur aufzubauen. Mit Barsinghausen beliefern wir nun von einem weiteren Standort aus einige unserer Filialen elektrisch und gehen damit den n\u00e4chsten Schritt bei der nachhaltigen Transformation unserer Transportlogistik\u201c, sagt Pascal Siegmund, Bereichsleiter Transportlogistik International bei Kaufland.<\/p>\n\n\n\n<p>Das Pilotprojekt mit dem Titel \u201eElectra\u201c erfolgt in Zusammenarbeit mehrerer Unternehmen der Schwarz Gruppe. So stellt beispielsweise der Umweltdienstleister PreZero als eingesetzter Spediteur die Fahrer und wird erstmalig in der Belieferung der Kaufland-Filialen t\u00e4tig. Koordiniert wird das Projekt von der Schwarz Logistik. Quelle &#8211; Kaufland<\/p>\n\n\n\n<p><\/p>\n","protected":false},"excerpt":{"rendered":"<p>Kaufland macht auf dem Weg der E-Transformation im Lieferverkehr weiter Tempo und setzt auch an seinem Logistikstandort in<\/p>\n","protected":false},"author":1,"featured_media":2430,"comment_status":"closed","ping_status":"closed","sticky":false,"template":"","format":"standard","meta":{"footnotes":""},"categories":[34,26],"tags":[],"class_list":["post-2429","post","type-post","status-publish","format-standard","has-post-thumbnail","hentry","category-allgemein","category-bio"],"featured_image_urls":{"full":["https:\/\/agronoticias.es\/de\/wp-content\/uploads\/2024\/08\/kaufland-elektra.jpg",840,315,false],"thumbnail":["https:\/\/agronoticias.es\/de\/wp-content\/uploads\/2024\/08\/kaufland-elektra-150x150.jpg",150,150,true],"medium":["https:\/\/agronoticias.es\/de\/wp-content\/uploads\/2024\/08\/kaufland-elektra-300x113.jpg",300,113,true],"medium_large":["https:\/\/agronoticias.es\/de\/wp-content\/uploads\/2024\/08\/kaufland-elektra-768x288.jpg",640,240,true],"large":["https:\/\/agronoticias.es\/de\/wp-content\/uploads\/2024\/08\/kaufland-elektra.jpg",640,240,false],"1536x1536":["https:\/\/agronoticias.es\/de\/wp-content\/uploads\/2024\/08\/kaufland-elektra.jpg",840,315,false],"2048x2048":["https:\/\/agronoticias.es\/de\/wp-content\/uploads\/2024\/08\/kaufland-elektra.jpg",840,315,false],"morenews-large":["https:\/\/agronoticias.es\/de\/wp-content\/uploads\/2024\/08\/kaufland-elektra-825x315.jpg",825,315,true],"morenews-medium":["https:\/\/agronoticias.es\/de\/wp-content\/uploads\/2024\/08\/kaufland-elektra-590x315.jpg",590,315,true]},"author_info":{"display_name":"admin","author_link":"https:\/\/agronoticias.es\/de\/author\/admin\/"},"category_info":"<a href=\"https:\/\/agronoticias.es\/de\/category\/allgemein\/\" rel=\"category tag\">Allgemein<\/a> <a href=\"https:\/\/agronoticias.es\/de\/category\/bio\/\" rel=\"category tag\">Bio<\/a>","tag_info":"Bio","comment_count":"0","_links":{"self":[{"href":"https:\/\/agronoticias.es\/de\/wp-json\/wp\/v2\/posts\/2429","targetHints":{"allow":["GET"]}}],"collection":[{"href":"https:\/\/agronoticias.es\/de\/wp-json\/wp\/v2\/posts"}],"about":[{"href":"https:\/\/agronoticias.es\/de\/wp-json\/wp\/v2\/types\/post"}],"author":[{"embeddable":true,"href":"https:\/\/agronoticias.es\/de\/wp-json\/wp\/v2\/users\/1"}],"replies":[{"embeddable":true,"href":"https:\/\/agronoticias.es\/de\/wp-json\/wp\/v2\/comments?post=2429"}],"version-history":[{"count":1,"href":"https:\/\/agronoticias.es\/de\/wp-json\/wp\/v2\/posts\/2429\/revisions"}],"predecessor-version":[{"id":2431,"href":"https:\/\/agronoticias.es\/de\/wp-json\/wp\/v2\/posts\/2429\/revisions\/2431"}],"wp:featuredmedia":[{"embeddable":true,"href":"https:\/\/agronoticias.es\/de\/wp-json\/wp\/v2\/media\/2430"}],"wp:attachment":[{"href":"https:\/\/agronoticias.es\/de\/wp-json\/wp\/v2\/media?parent=2429"}],"wp:term":[{"taxonomy":"category","embeddable":true,"href":"https:\/\/agronoticias.es\/de\/wp-json\/wp\/v2\/categories?post=2429"},{"taxonomy":"post_tag","embeddable":true,"href":"https:\/\/agronoticias.es\/de\/wp-json\/wp\/v2\/tags?post=2429"}],"curies":[{"name":"wp","href":"https:\/\/api.w.org\/{rel}","templated":true}]}}