{"id":2423,"date":"2024-08-02T11:36:51","date_gmt":"2024-08-02T09:36:51","guid":{"rendered":"https:\/\/agronoticias.es\/de\/?p=2423"},"modified":"2024-08-02T11:36:52","modified_gmt":"2024-08-02T09:36:52","slug":"valencia-leicht-gestiegene-citrusproduktion-in-der-saison-2024-25-erwartet","status":"publish","type":"post","link":"https:\/\/agronoticias.es\/de\/valencia-leicht-gestiegene-citrusproduktion-in-der-saison-2024-25-erwartet\/","title":{"rendered":"Valencia: leicht gestiegene Citrusproduktion in der Saison 2024-25 erwartet."},"content":{"rendered":"\n<p> <\/p>\n\n\n\n<p> <\/p>\n\n\n\n<p>Nach ersten der valencianischen Agrarorganisation la Uni\u00f3 Llauradora v<em>orl<\/em>iegenden Daten wird die valencianische Citrusproduktion in der Saison 2024\/2025 im Vorjahresvergleich um 3% h\u00f6her ausfallen. Dennoch wird es die drittniedrigste Ernte in diesem Jahrhundert sein, was vor allem auf die Trockenheit zur\u00fcckzuf\u00fchren ist. Die Agrarorganisation sch\u00e4tzt die gesamte Produktion auf ca. 2,88 Mio t Citrusfr\u00fcchte mit guter Qualit\u00e4t, F\u00e4rbung und angemessenem Saftgehalt. Das ist etwas mehr als in der vergangenen Kampagne, die die niedrigste des 21. Jahrhunderts war, und im Verh\u00e4ltnis zu den Daten der letzten 25 Jahre ein R\u00fcckgang von 10% bedeutet. 2024-25 ist die sechste Saison in Folge, die unter dem Produktionsdurchschnitt des letzten Vierteljahrhunderts liegt. Hauptgr\u00fcnde f\u00fcr diesen Produktionsr\u00fcckgang sind nach wie vor klimatischer Natur, wie z. B. anhaltende Trockenheit, ung\u00fcnstige und extreme Wetterbedingungen in den Anbaugebieten w\u00e4hrend der Bl\u00fcte und des Fruchtansatzes sowie w\u00e4hrend des Wachstums (sehr hohe Temperaturen und keine Niederschl\u00e4ge).<\/p>\n\n\n\n<p>Hinzu kommt der veraltete Baumbestand mit geringen Ertr\u00e4gen, die Aufgabe von Anbaufl\u00e4chen und Quarant\u00e4nesch\u00e4dlinge oder -krankheiten, f\u00fcr die es immer weniger Bek\u00e4mpfungsmittel gibt. Nach neuesten offiziellen Zahlen des valencianischen Landwirtschaftsministeriums liegt die Anbaufl\u00e4che f\u00fcr Citrusfr\u00fcchte bei 153.867 ha, was einem R\u00fcckgang von 13 % gegen\u00fcber 2010 und 20 % seit Ende des 20. Jahrhunderts entspricht. Die Agrarorganisation ist der Ansicht, dass dieser Produktionsr\u00fcckgang eine geordnete Versorgung der wichtigsten M\u00e4rkte gew\u00e4hrleisten und somit die Preise w\u00e4hrend der gesamten Saison stabil halten d\u00fcrfte, h\u00f6her als in fr\u00fcheren Kampagnen, in denen es gro\u00dfe saisonale Preisunterschiede gab.<\/p>\n\n\n\n<p>Carles Peris, Generalsekret\u00e4r von La Uni\u00f3 erkl\u00e4rte: \u201ewir haben immer noch nicht unsere volle Produktionskapazit\u00e4t erreicht. Jetzt stehen wir vor einer neuen Saison, die vom Klima und anderen Faktoren gezeichnet ist, Bedingungen, die den Erzeugern helfen sollten, angepasste und stabile Preise zu erzielen\u00bb.<\/p>\n\n\n\n<p>Der Citruskonsum der spanischen Haushalte verzeichnete in den letzten Kampagnen eine r\u00fcckl\u00e4ufige Tendenz. In der vergangenen Saison sank er um 7,5% und im Durchschnitt der letzten f\u00fcnf um 21%. Nur der Konsum von Mandarinen war in der letzten Saison h\u00f6her als in der vorangegangenen. La Uni\u00f3 weist erneut darauf hin, dass Werbekampagnen f\u00fcr Citrusfr\u00fcchte durchgef\u00fchrt werden m\u00fcssen, um den Verbrauch wieder anzukurbeln.<\/p>\n\n\n\n<p>Importe<\/p>\n\n\n\n<p>Die Citrusimporte steigen kontinuierlich von Jahr zu Jahr. Von Januar-April 2024 wurden 606.969 teingef\u00fchrt, 6,3 % mehr als im gleichen Zeitraum 2023 (+35.900 t) und 17,5 % mehr als im Durchschnitt der letzten f\u00fcnf Jahre (+90.400 t). Die Herk\u00fcnfte konzentrieren sich auf \u00c4gypten (56 %), die T\u00fcrkei (22,3 %) und mit gr\u00f6sserem Abstand Marokko (8,3 %), wobei alle drei L\u00e4nder ihre Position halten.<\/p>\n\n\n\n<p>In diesem Sinne pl\u00e4diert La Uni\u00f3 daf\u00fcr, die Pflanzengesundheit mit einem gr\u00f6\u00dferen Etat zu sch\u00fctzen, die derzeitigen Einfuhrprotokolle gegen Sch\u00e4dlinge und Krankheiten durch strengere Ma\u00dfnahmen zu verst\u00e4rken und die K\u00e4ltebehandlung auf Mandarinen und Grapefruit auszuweiten. All dies, um zu vermeiden, dass so hohe Produktionskosten f\u00fcr die Bek\u00e4mpfung der aktuellen Sch\u00e4dlinge anfallen. Eine weitere Ma\u00dfnahme um die Importe zu bremsen, besteht nach Ansicht der Organisation darin, dass die spanischen H\u00e4fen die Citrusimporte aus Drittl\u00e4ndern nicht mehr subventionieren und dem Beispiel von PortCastell\u00f3 folgen sollten, der als einziger in seinem Unternehmensplan 2025 die Streichung der Subventionen &nbsp;beschlossen hat. Quelle und Foto: La Uni\u00f3<\/p>\n","protected":false},"excerpt":{"rendered":"<p>Nach ersten der valencianischen Agrarorganisation la Uni\u00f3 Llauradora vorliegenden Daten wird die valencianische Citrusproduktion in der Saison 2024\/2025<\/p>\n","protected":false},"author":1,"featured_media":2424,"comment_status":"closed","ping_status":"closed","sticky":false,"template":"","format":"standard","meta":{"footnotes":""},"categories":[34],"tags":[],"class_list":["post-2423","post","type-post","status-publish","format-standard","has-post-thumbnail","hentry","category-allgemein"],"featured_image_urls":{"full":["https:\/\/agronoticias.es\/de\/wp-content\/uploads\/2024\/08\/Citricos-situacion-actual-La-Unio.jpg",2040,1530,false],"thumbnail":["https:\/\/agronoticias.es\/de\/wp-content\/uploads\/2024\/08\/Citricos-situacion-actual-La-Unio-150x150.jpg",150,150,true],"medium":["https:\/\/agronoticias.es\/de\/wp-content\/uploads\/2024\/08\/Citricos-situacion-actual-La-Unio-300x225.jpg",300,225,true],"medium_large":["https:\/\/agronoticias.es\/de\/wp-content\/uploads\/2024\/08\/Citricos-situacion-actual-La-Unio-768x576.jpg",640,480,true],"large":["https:\/\/agronoticias.es\/de\/wp-content\/uploads\/2024\/08\/Citricos-situacion-actual-La-Unio-1024x768.jpg",640,480,true],"1536x1536":["https:\/\/agronoticias.es\/de\/wp-content\/uploads\/2024\/08\/Citricos-situacion-actual-La-Unio-1536x1152.jpg",1536,1152,true],"2048x2048":["https:\/\/agronoticias.es\/de\/wp-content\/uploads\/2024\/08\/Citricos-situacion-actual-La-Unio.jpg",2040,1530,false],"morenews-large":["https:\/\/agronoticias.es\/de\/wp-content\/uploads\/2024\/08\/Citricos-situacion-actual-La-Unio-825x575.jpg",825,575,true],"morenews-medium":["https:\/\/agronoticias.es\/de\/wp-content\/uploads\/2024\/08\/Citricos-situacion-actual-La-Unio-590x410.jpg",590,410,true]},"author_info":{"display_name":"admin","author_link":"https:\/\/agronoticias.es\/de\/author\/admin\/"},"category_info":"<a href=\"https:\/\/agronoticias.es\/de\/category\/allgemein\/\" rel=\"category tag\">Allgemein<\/a>","tag_info":"Allgemein","comment_count":"0","_links":{"self":[{"href":"https:\/\/agronoticias.es\/de\/wp-json\/wp\/v2\/posts\/2423","targetHints":{"allow":["GET"]}}],"collection":[{"href":"https:\/\/agronoticias.es\/de\/wp-json\/wp\/v2\/posts"}],"about":[{"href":"https:\/\/agronoticias.es\/de\/wp-json\/wp\/v2\/types\/post"}],"author":[{"embeddable":true,"href":"https:\/\/agronoticias.es\/de\/wp-json\/wp\/v2\/users\/1"}],"replies":[{"embeddable":true,"href":"https:\/\/agronoticias.es\/de\/wp-json\/wp\/v2\/comments?post=2423"}],"version-history":[{"count":1,"href":"https:\/\/agronoticias.es\/de\/wp-json\/wp\/v2\/posts\/2423\/revisions"}],"predecessor-version":[{"id":2425,"href":"https:\/\/agronoticias.es\/de\/wp-json\/wp\/v2\/posts\/2423\/revisions\/2425"}],"wp:featuredmedia":[{"embeddable":true,"href":"https:\/\/agronoticias.es\/de\/wp-json\/wp\/v2\/media\/2424"}],"wp:attachment":[{"href":"https:\/\/agronoticias.es\/de\/wp-json\/wp\/v2\/media?parent=2423"}],"wp:term":[{"taxonomy":"category","embeddable":true,"href":"https:\/\/agronoticias.es\/de\/wp-json\/wp\/v2\/categories?post=2423"},{"taxonomy":"post_tag","embeddable":true,"href":"https:\/\/agronoticias.es\/de\/wp-json\/wp\/v2\/tags?post=2423"}],"curies":[{"name":"wp","href":"https:\/\/api.w.org\/{rel}","templated":true}]}}