{"id":2415,"date":"2024-08-01T12:20:14","date_gmt":"2024-08-01T10:20:14","guid":{"rendered":"https:\/\/agronoticias.es\/de\/?p=2415"},"modified":"2024-08-01T12:20:15","modified_gmt":"2024-08-01T10:20:15","slug":"murcia-produktionsruckgang-bei-zitronen-von-30","status":"publish","type":"post","link":"https:\/\/agronoticias.es\/de\/murcia-produktionsruckgang-bei-zitronen-von-30\/","title":{"rendered":"Murcia: Produktionsr\u00fcckgang bei Zitronen von 30 %"},"content":{"rendered":"\n<p>Nach Sch\u00e4tzung der Agrarorganisation Asaja Murcia wird es in der kommenden Zitronensaison 20 % weniger bei der Sorte fino geben und 30 % weniger bei Verna. Die Kampagne der fino beginnt im September 24 und die der Verna im April 25.<\/p>\n\n\n\n<p>Quellen von ASAJA Murcia weisen darauf hin, dass \u00abdie Daten, die nach Umfragen in den verschiedenen Anbaugebieten der Region erhalten wurden, eine Reduzierung der Ernte best\u00e4tigen, die durch ung\u00fcnstige Wetterbedingungen, Einschr\u00e4nkungen und schlechte Qualit\u00e4t des Bew\u00e4sserungswassers, das Auftreten von Sch\u00e4dlingen und Krankheiten und Reduzierung der Arbeiten im Campo aufgrund der mangelnden Rentabilit\u00e4t in der vorherigen Saison verursacht wurde\u00bb.<\/p>\n\n\n\n<p>Die Techniker der Organisation erkl\u00e4rten weiter: \u201eDie Saison 2023-24 war f\u00fcr die Produzenten katastrophal. Die Exportpreise lagen mit einem Durchschnitt von 3 bis 9 Cent\/kg weit unter Produktionskosten und auch die Ergebnisse f\u00fcr die Industrieware fielen negativ aus. Die n\u00e4chste Saison verspricht eine R\u00fcckkehr zur Normalit\u00e4t in Bezug auf Mengen und Preise. Wir gehen davon aus, dass wir mit einem Produktionsr\u00fcckgang von etwa 30 % wieder ein Gleichgewicht erreichen werden, um die gesamte Nachfrage auf dem Frischmarkt befriedigen zu k\u00f6nnen, und dass die Erzeugerpreise \u00fcber den Produktionskosten liegen werden, die auf etwa 22-28 Cent\/kg gesch\u00e4tzt werden. Hinzukommt, dass 30 % bis 40 % der erwarteten Produktion aufgrund von Sch\u00e4dlingsproblemen nicht f\u00fcr den Export geeignet sein werden, da sie mangels zugelassener Pflanzenschutzmittel nicht ad\u00e4quat behandelt werden k\u00f6nnen.\u201c<\/p>\n\n\n\n<p>ASAJA Murcia ist der Ansicht, dass \u00abSensibilisierungskampagnen f\u00fcr die europ\u00e4ischen Verbraucher notwendig sind, damit sie sich des wirtschaftlichen, sozialen und \u00f6kologischen Wertes der Citrusproduktion bewusst werden und dass ihr Konsum f\u00fcr den Lebensunterhalt von Tausenden von Bauernfamilien in Europa unerl\u00e4sslich ist. Der Citrusanbau sollte als strategisch wichtig f\u00fcr das mediterrane Europa angesehen werden, denn er schafft Arbeitspl\u00e4tze, die die Bev\u00f6lkerung in den l\u00e4ndlichen Gebieten halten. Er tr\u00e4gt zur Erhaltung der Biodiversit\u00e4t bei, zur Verlangsamung der Desertifizierung, Erhaltung der Agrarlandschaften, und f\u00f6rdert die Absorption von CO2. Dar\u00fcber hinaus ist der Konsum von europ\u00e4ischen Citrusfr\u00fcchten eine Garantie f\u00fcr Qualit\u00e4t und Lebensmittelsicherheit und tr\u00e4gt zu einer guten Gesundheit bei. All dies ist ein wichtiges Unterscheidungsmerkmal gegen\u00fcber Citrusfr\u00fcchten, die aus Drittl\u00e4ndern importiert werden.\u201c<\/p>\n\n\n\n<p>Was die \u00fcbrigen murcianischen Citrusproduktionen 2024-25 betrifft, geht Asaja im Vorjahresvergleich von -10% Orangen, -10% Mandarinen und -5% Grapefruits aus.<\/p>\n","protected":false},"excerpt":{"rendered":"<p>Nach Sch\u00e4tzung der Agrarorganisation Asaja Murcia wird es in der kommenden Zitronensaison 20 % weniger bei der Sorte<\/p>\n","protected":false},"author":1,"featured_media":2416,"comment_status":"closed","ping_status":"closed","sticky":false,"template":"","format":"standard","meta":{"footnotes":""},"categories":[34],"tags":[],"class_list":["post-2415","post","type-post","status-publish","format-standard","has-post-thumbnail","hentry","category-allgemein"],"featured_image_urls":{"full":["https:\/\/agronoticias.es\/de\/wp-content\/uploads\/2024\/08\/limones-asaja-murcia.jpg",1200,675,false],"thumbnail":["https:\/\/agronoticias.es\/de\/wp-content\/uploads\/2024\/08\/limones-asaja-murcia-150x150.jpg",150,150,true],"medium":["https:\/\/agronoticias.es\/de\/wp-content\/uploads\/2024\/08\/limones-asaja-murcia-300x169.jpg",300,169,true],"medium_large":["https:\/\/agronoticias.es\/de\/wp-content\/uploads\/2024\/08\/limones-asaja-murcia-768x432.jpg",640,360,true],"large":["https:\/\/agronoticias.es\/de\/wp-content\/uploads\/2024\/08\/limones-asaja-murcia-1024x576.jpg",640,360,true],"1536x1536":["https:\/\/agronoticias.es\/de\/wp-content\/uploads\/2024\/08\/limones-asaja-murcia.jpg",1200,675,false],"2048x2048":["https:\/\/agronoticias.es\/de\/wp-content\/uploads\/2024\/08\/limones-asaja-murcia.jpg",1200,675,false],"morenews-large":["https:\/\/agronoticias.es\/de\/wp-content\/uploads\/2024\/08\/limones-asaja-murcia-825x575.jpg",825,575,true],"morenews-medium":["https:\/\/agronoticias.es\/de\/wp-content\/uploads\/2024\/08\/limones-asaja-murcia-590x410.jpg",590,410,true]},"author_info":{"display_name":"admin","author_link":"https:\/\/agronoticias.es\/de\/author\/admin\/"},"category_info":"<a href=\"https:\/\/agronoticias.es\/de\/category\/allgemein\/\" rel=\"category tag\">Allgemein<\/a>","tag_info":"Allgemein","comment_count":"0","_links":{"self":[{"href":"https:\/\/agronoticias.es\/de\/wp-json\/wp\/v2\/posts\/2415","targetHints":{"allow":["GET"]}}],"collection":[{"href":"https:\/\/agronoticias.es\/de\/wp-json\/wp\/v2\/posts"}],"about":[{"href":"https:\/\/agronoticias.es\/de\/wp-json\/wp\/v2\/types\/post"}],"author":[{"embeddable":true,"href":"https:\/\/agronoticias.es\/de\/wp-json\/wp\/v2\/users\/1"}],"replies":[{"embeddable":true,"href":"https:\/\/agronoticias.es\/de\/wp-json\/wp\/v2\/comments?post=2415"}],"version-history":[{"count":1,"href":"https:\/\/agronoticias.es\/de\/wp-json\/wp\/v2\/posts\/2415\/revisions"}],"predecessor-version":[{"id":2417,"href":"https:\/\/agronoticias.es\/de\/wp-json\/wp\/v2\/posts\/2415\/revisions\/2417"}],"wp:featuredmedia":[{"embeddable":true,"href":"https:\/\/agronoticias.es\/de\/wp-json\/wp\/v2\/media\/2416"}],"wp:attachment":[{"href":"https:\/\/agronoticias.es\/de\/wp-json\/wp\/v2\/media?parent=2415"}],"wp:term":[{"taxonomy":"category","embeddable":true,"href":"https:\/\/agronoticias.es\/de\/wp-json\/wp\/v2\/categories?post=2415"},{"taxonomy":"post_tag","embeddable":true,"href":"https:\/\/agronoticias.es\/de\/wp-json\/wp\/v2\/tags?post=2415"}],"curies":[{"name":"wp","href":"https:\/\/api.w.org\/{rel}","templated":true}]}}