{"id":2408,"date":"2024-07-25T17:29:18","date_gmt":"2024-07-25T15:29:18","guid":{"rendered":"https:\/\/agronoticias.es\/de\/?p=2408"},"modified":"2024-07-25T17:29:34","modified_gmt":"2024-07-25T15:29:34","slug":"katalonien-gute-apfelernte-und-kleinere-birnenernte-erwartet","status":"publish","type":"post","link":"https:\/\/agronoticias.es\/de\/katalonien-gute-apfelernte-und-kleinere-birnenernte-erwartet\/","title":{"rendered":"Katalonien: Gute Apfelernte aber kleinere Birnenernte erwartet."},"content":{"rendered":"\n<p> <\/p>\n\n\n\n<p>Die f\u00fcr 2024 gesch\u00e4tzte Apfelernte in Katalonien betr\u00e4gt 268.770 t und liegt damit leicht \u00fcber dem Durchschnitt der letzten 5 Jahre (+3%) und 13% h\u00f6her als 2023. Alle Sorten sind im Vergleich zum letzten Jahr gestiegen, wobei Fuji, Granny Smith und Gala hervorstechen.<\/p>\n\n\n\n<p>Joan Serentill,&nbsp; Pr\u00e4sident Saatgutausschuss von Afrucat betonte w\u00e4hrend der Pr\u00e4sentation der Sch\u00e4tzung: \u201eTrotz der &nbsp;Erholung der Apfelproduktion sind wir och weit entfernt von dem katalanischen Produktionspotenzial. Wird k\u00f6nnen nicht von einem guten Zyklus in der Geschichte des Obstanbaus sprechen, da es in den letzten f\u00fcnf Jahren eine Reihe von Unwettern (D\u00fcrre, Steinschlag, Frost) gab, die die Produktion jedes Jahr verringert haben.\u201c<\/p>\n\n\n\n<p>F\u00fcr den Generaldirektor von Afrucat, Manel Simon, \u201eist trotz dieser Zahlen klar, dass wir sowohl \u00c4pfel als auch Birnen weiter anpflanzen, und das Ziel dieser neuen Produktionen darin besteht, den spanischen Markt zur\u00fcckzuerobern und die Konkurrenz zu ersetzen\u201c. Simon erkl\u00e4rte weiter, dass &nbsp;Golden, Fuji und Gala in Lleida die am h\u00e4ufigsten angebauten Apfelsorten sind, w\u00e4hrend es in Girona Golden, andere Herbstsorten und Cripps Pink sind. Bei den Birnen liegt die Conference auf dem ersten Platz, gefolgt von William&#8217;s, Ercollini und Limonera.<\/p>\n\n\n\n<p>Der Generaldirektor f\u00fcr Lebensmittelunternehmen, Qualit\u00e4t und Gastronomie des Ministeriums f\u00fcr Klimaschutz, Ern\u00e4hrung und l\u00e4ndliche Agenda, Joan G\u00f2dia, sprach \u00fcber die Bedeutung der Forschung f\u00fcr die Bew\u00e4ltigung der neuen klimatischen Herausforderungen und wies darauf hin, dass \u201edie Nachhaltigkeit einer der Eckpfeiler der katalanischen Ern\u00e4hrungsstrategie ist, die durch die F\u00f6rderung des lokalen Verbrauchs verst\u00e4rkt wird\u201c.<\/p>\n\n\n\n<p>Der Erntebeginn h\u00e4ngt von der jeweiligen Region ab, aber im Allgemeinen wird erwartet, dass sie wie in einem normalen Jahr erfolgen wird. In den Anbaugebieten Girona und Lleida wird noch gepflanzt. In diesem Jahr k\u00f6nnte Girona 36 % der katalanischen Apfelmengen ernten, und Lleida die restlichen 64 %.<\/p>\n\n\n\n<p>Birnen<\/p>\n\n\n\n<p>Die f\u00fcr 2024 gesch\u00e4tzte katalanische Birnenproduktion liegt mit 77.200 t unter dem Durchschnitt der letzten f\u00fcnf Jahre (-39 %) und 36 % unter der von 2023. Die Auswirkungen der Trockenheit im letzten Jahr und die hohen Temperaturen haben die Bl\u00fctenentwicklung und damit die diesj\u00e4hrige Produktion beeintr\u00e4chtigt. In Lleida wird mit einem normalen Saisonstart gerechnet, auch wenn es in einigen Gebieten eine Verz\u00f6gerung von 5-7 Tagen und in anderen einen leicht fr\u00fcheren Anfang geben wird. Girona wird es eine Versp\u00e4tung von etwa 7 Tagen geben. Es h\u00e4ngt alles von der Sorte ab, aber im Allgemeinen waren Bl\u00fcte und Fruchtansatz normal bis knapp, und der Fruchtabfall sowohl in Lleida als auch in Girona normal. Bei Conference-Birnen werden gute Kaliber und ein allgemein guter Russeting-Grad erwartet.  Quelle und  Foto:Afrucat<\/p>\n","protected":false},"excerpt":{"rendered":"<p>Die f\u00fcr 2024 gesch\u00e4tzte Apfelernte in Katalonien betr\u00e4gt 268.770 t und liegt damit leicht \u00fcber dem Durchschnitt der<\/p>\n","protected":false},"author":1,"featured_media":2409,"comment_status":"closed","ping_status":"closed","sticky":false,"template":"","format":"standard","meta":{"footnotes":""},"categories":[34],"tags":[],"class_list":["post-2408","post","type-post","status-publish","format-standard","has-post-thumbnail","hentry","category-allgemein"],"featured_image_urls":{"full":["https:\/\/agronoticias.es\/de\/wp-content\/uploads\/2024\/07\/prevision-kernobst-afrucat.jpeg",2500,1875,false],"thumbnail":["https:\/\/agronoticias.es\/de\/wp-content\/uploads\/2024\/07\/prevision-kernobst-afrucat-150x150.jpeg",150,150,true],"medium":["https:\/\/agronoticias.es\/de\/wp-content\/uploads\/2024\/07\/prevision-kernobst-afrucat-300x225.jpeg",300,225,true],"medium_large":["https:\/\/agronoticias.es\/de\/wp-content\/uploads\/2024\/07\/prevision-kernobst-afrucat-768x576.jpeg",640,480,true],"large":["https:\/\/agronoticias.es\/de\/wp-content\/uploads\/2024\/07\/prevision-kernobst-afrucat-1024x768.jpeg",640,480,true],"1536x1536":["https:\/\/agronoticias.es\/de\/wp-content\/uploads\/2024\/07\/prevision-kernobst-afrucat-1536x1152.jpeg",1536,1152,true],"2048x2048":["https:\/\/agronoticias.es\/de\/wp-content\/uploads\/2024\/07\/prevision-kernobst-afrucat-2048x1536.jpeg",2048,1536,true],"morenews-large":["https:\/\/agronoticias.es\/de\/wp-content\/uploads\/2024\/07\/prevision-kernobst-afrucat-825x575.jpeg",825,575,true],"morenews-medium":["https:\/\/agronoticias.es\/de\/wp-content\/uploads\/2024\/07\/prevision-kernobst-afrucat-590x410.jpeg",590,410,true]},"author_info":{"display_name":"admin","author_link":"https:\/\/agronoticias.es\/de\/author\/admin\/"},"category_info":"<a href=\"https:\/\/agronoticias.es\/de\/category\/allgemein\/\" rel=\"category tag\">Allgemein<\/a>","tag_info":"Allgemein","comment_count":"0","_links":{"self":[{"href":"https:\/\/agronoticias.es\/de\/wp-json\/wp\/v2\/posts\/2408","targetHints":{"allow":["GET"]}}],"collection":[{"href":"https:\/\/agronoticias.es\/de\/wp-json\/wp\/v2\/posts"}],"about":[{"href":"https:\/\/agronoticias.es\/de\/wp-json\/wp\/v2\/types\/post"}],"author":[{"embeddable":true,"href":"https:\/\/agronoticias.es\/de\/wp-json\/wp\/v2\/users\/1"}],"replies":[{"embeddable":true,"href":"https:\/\/agronoticias.es\/de\/wp-json\/wp\/v2\/comments?post=2408"}],"version-history":[{"count":2,"href":"https:\/\/agronoticias.es\/de\/wp-json\/wp\/v2\/posts\/2408\/revisions"}],"predecessor-version":[{"id":2411,"href":"https:\/\/agronoticias.es\/de\/wp-json\/wp\/v2\/posts\/2408\/revisions\/2411"}],"wp:featuredmedia":[{"embeddable":true,"href":"https:\/\/agronoticias.es\/de\/wp-json\/wp\/v2\/media\/2409"}],"wp:attachment":[{"href":"https:\/\/agronoticias.es\/de\/wp-json\/wp\/v2\/media?parent=2408"}],"wp:term":[{"taxonomy":"category","embeddable":true,"href":"https:\/\/agronoticias.es\/de\/wp-json\/wp\/v2\/categories?post=2408"},{"taxonomy":"post_tag","embeddable":true,"href":"https:\/\/agronoticias.es\/de\/wp-json\/wp\/v2\/tags?post=2408"}],"curies":[{"name":"wp","href":"https:\/\/api.w.org\/{rel}","templated":true}]}}