{"id":2391,"date":"2024-07-22T10:15:22","date_gmt":"2024-07-22T08:15:22","guid":{"rendered":"https:\/\/agronoticias.es\/de\/?p=2391"},"modified":"2024-07-22T10:15:23","modified_gmt":"2024-07-22T08:15:23","slug":"huelva-erdbeerkampagne-2023-24-mit-221-000-tonnen-abgeschlossen","status":"publish","type":"post","link":"https:\/\/agronoticias.es\/de\/huelva-erdbeerkampagne-2023-24-mit-221-000-tonnen-abgeschlossen\/","title":{"rendered":"Huelva \u2013 Erdbeerkampagne 2023\/24 mit 221.000 Tonnen abgeschlossen."},"content":{"rendered":"\n<p> <\/p>\n\n\n\n<p>Nach Informationen von Freshuelva (Verband der Erdbeerproduzenten und \u2013exporteure von Huelva) wurde die Erdbeersaison 23\/24 mit einer Produktion von 221.412 t beendet. Das ist im Vorjahresvergleich ein R\u00fcckgang von 9%. Dieses Ergebnis spiegelt eine sehr schwierige Erdbeerkampagne wider, mit Bew\u00e4sserungseinschr\u00e4nkungen in der ersten Phase aufgrund der anhaltenden D\u00fcrre. Das beeintr\u00e4chtigte die Entwicklung der Kulturen und f\u00fchrte zu der kleineren Ernte und einem leichten Preisanstieg im Vergleich zur letzten Saison. Durch die Niederschl\u00e4ge im M\u00e4rz konnte die Saison weitergef\u00fchrt werden, obwohl die hohen Temperaturen im Mai die Exportmengen aufgrund der Kondition der Fr\u00fcchte reduzierte.<\/p>\n\n\n\n<p>Die Himbeersaison wurde mit einer Produktion von 40.288 t abgeschlossen, 15 % weniger als in der vorherigen Kampagne. Aufgrund der grossen Drittlandskonkurrenz wie Marokko haben die onubensischen Produzenten ihre Anbaufl\u00e4chen bedeutend reduziert. Freshuelva: \u201eDarauf haben wir die EU Jahr f\u00fcr Jahr hingewiesen und die Auffassung vertreten, dass Europa in diesen F\u00e4llen einen Einfuhrzoll f\u00fcr Drittl\u00e4nder einf\u00fchren und die Einhaltung der Spiegelklauseln verlangen sollte. Diese Situation verursacht Rentabilit\u00e4tsverluste der Kulturen und hat zu einem geringeren Warenangebot gef\u00fchrt, weshalb die Vermarktung der Ernte normal durchgef\u00fchrt werden konnte.\u201c<\/p>\n\n\n\n<p>Andererseits wurde die Heidelbeersaison mit einer Produktionssteigerung von 10 % und einem Volumen von 58.509 t beendet. Grund daf\u00fcr waren neue Kulturen, die in diesem Jahr in Produktion getreten sind, sowie neue fr\u00fche Sorten, so dass onubensische Heidelbeeren von Anfang des Jahres bis Juli zur Verf\u00fcgung stehen. Die Brombeerproduktion blieb mit 2.135 t stabil (+0,5%) dank Sorten, die von Januar bis Dezember produzieren.<\/p>\n\n\n\n<p>Die kleinere Erdbeerproduktion verzeichnete bis Mai\u00a0 \u00a0einen Umsatz von 616 Mio Euro. Das ist im Vorjahresvergleich\u00a0 in demselben Zeitraum ein Plus von 8 %. Bei Heidelbeeren stieg der Wert der Exporte um 6 % auf \u00fcber 231,6 Mio. Euro. Im Gegensatz dazu verzeichnen die Himbeerexporte bis Mai mit fast 207 Mio Euro im Vergleich zur vorherigen Kampagne einen R\u00fcckgang von 7 %. Auch der Umsatz der Brombeeren mit 13,5 Mio Euro ging um 5,9 % zur\u00fcck.<\/p>\n\n\n\n<p><br>Deutschland und Grossbritannien sind nach wie vor die wichtigsten Bestimmungsl\u00e4nder f\u00fcr Beeren aus Huelva, da die britischen Importe bei Erdbeeren trotz des Brexit die franz\u00f6sischen Importe \u00fcberholt haben, die an dritter Stelle liegen. Bei Himbeeren und Heidelbeeren liegen die Niederlande auf dem dritten Platz. Freshuelva\/ds<\/p>\n","protected":false},"excerpt":{"rendered":"<p>Nach Informationen von Freshuelva (Verband der Erdbeerproduzenten und \u2013exporteure von Huelva) wurde die Erdbeersaison 23\/24 mit einer Produktion<\/p>\n","protected":false},"author":1,"featured_media":2287,"comment_status":"closed","ping_status":"closed","sticky":false,"template":"","format":"standard","meta":{"footnotes":""},"categories":[34],"tags":[],"class_list":["post-2391","post","type-post","status-publish","format-standard","has-post-thumbnail","hentry","category-allgemein"],"featured_image_urls":{"full":["https:\/\/agronoticias.es\/de\/wp-content\/uploads\/2024\/06\/Aldi-Sud-eigene-Erdbeersorte.jpg",580,400,false],"thumbnail":["https:\/\/agronoticias.es\/de\/wp-content\/uploads\/2024\/06\/Aldi-Sud-eigene-Erdbeersorte-150x150.jpg",150,150,true],"medium":["https:\/\/agronoticias.es\/de\/wp-content\/uploads\/2024\/06\/Aldi-Sud-eigene-Erdbeersorte-300x207.jpg",300,207,true],"medium_large":["https:\/\/agronoticias.es\/de\/wp-content\/uploads\/2024\/06\/Aldi-Sud-eigene-Erdbeersorte.jpg",580,400,false],"large":["https:\/\/agronoticias.es\/de\/wp-content\/uploads\/2024\/06\/Aldi-Sud-eigene-Erdbeersorte.jpg",580,400,false],"1536x1536":["https:\/\/agronoticias.es\/de\/wp-content\/uploads\/2024\/06\/Aldi-Sud-eigene-Erdbeersorte.jpg",580,400,false],"2048x2048":["https:\/\/agronoticias.es\/de\/wp-content\/uploads\/2024\/06\/Aldi-Sud-eigene-Erdbeersorte.jpg",580,400,false],"morenews-large":["https:\/\/agronoticias.es\/de\/wp-content\/uploads\/2024\/06\/Aldi-Sud-eigene-Erdbeersorte.jpg",580,400,false],"morenews-medium":["https:\/\/agronoticias.es\/de\/wp-content\/uploads\/2024\/06\/Aldi-Sud-eigene-Erdbeersorte.jpg",580,400,false]},"author_info":{"display_name":"admin","author_link":"https:\/\/agronoticias.es\/de\/author\/admin\/"},"category_info":"<a href=\"https:\/\/agronoticias.es\/de\/category\/allgemein\/\" rel=\"category tag\">Allgemein<\/a>","tag_info":"Allgemein","comment_count":"0","_links":{"self":[{"href":"https:\/\/agronoticias.es\/de\/wp-json\/wp\/v2\/posts\/2391","targetHints":{"allow":["GET"]}}],"collection":[{"href":"https:\/\/agronoticias.es\/de\/wp-json\/wp\/v2\/posts"}],"about":[{"href":"https:\/\/agronoticias.es\/de\/wp-json\/wp\/v2\/types\/post"}],"author":[{"embeddable":true,"href":"https:\/\/agronoticias.es\/de\/wp-json\/wp\/v2\/users\/1"}],"replies":[{"embeddable":true,"href":"https:\/\/agronoticias.es\/de\/wp-json\/wp\/v2\/comments?post=2391"}],"version-history":[{"count":1,"href":"https:\/\/agronoticias.es\/de\/wp-json\/wp\/v2\/posts\/2391\/revisions"}],"predecessor-version":[{"id":2392,"href":"https:\/\/agronoticias.es\/de\/wp-json\/wp\/v2\/posts\/2391\/revisions\/2392"}],"wp:featuredmedia":[{"embeddable":true,"href":"https:\/\/agronoticias.es\/de\/wp-json\/wp\/v2\/media\/2287"}],"wp:attachment":[{"href":"https:\/\/agronoticias.es\/de\/wp-json\/wp\/v2\/media?parent=2391"}],"wp:term":[{"taxonomy":"category","embeddable":true,"href":"https:\/\/agronoticias.es\/de\/wp-json\/wp\/v2\/categories?post=2391"},{"taxonomy":"post_tag","embeddable":true,"href":"https:\/\/agronoticias.es\/de\/wp-json\/wp\/v2\/tags?post=2391"}],"curies":[{"name":"wp","href":"https:\/\/api.w.org\/{rel}","templated":true}]}}