{"id":2384,"date":"2024-07-17T11:03:45","date_gmt":"2024-07-17T09:03:45","guid":{"rendered":"https:\/\/agronoticias.es\/de\/?p=2384"},"modified":"2024-08-06T12:02:13","modified_gmt":"2024-08-06T10:02:13","slug":"starke-nachfrage-nach-ausstellungsflachen-auf-der-fruit-logistica-2025","status":"publish","type":"post","link":"https:\/\/agronoticias.es\/de\/starke-nachfrage-nach-ausstellungsflachen-auf-der-fruit-logistica-2025\/","title":{"rendered":"Starke Nachfrage nach Ausstellungsfl\u00e4chen auf der FRUIT LOGISTICA 2025"},"content":{"rendered":"\n<p> <\/p>\n\n\n\n<p> <\/p>\n\n\n\n<p>Die Nachfrage nach Ausstellungsfl\u00e4che der FRUIT LOGISTICA 2025 ist so gro\u00df, dass die Veranstalter \u00fcber eine weitere Expansion in neue Hallen auf dem Berliner Messegel\u00e4nde nachdenken.<\/p>\n\n\n\n<p>Die weltweit f\u00fchrende Fachmesse f\u00fcr Obst und Gem\u00fcse findet vom 5. bis 7. Februar 2025 erneut in der deutschen Hauptstadt statt. Und w\u00e4hrend der Anmeldeschluss f\u00fcr die Buchung von Ausstellungsfl\u00e4chen am 31. Juli n\u00e4her r\u00fcckt, ist der Zuwachs an Reservierungen besonders gro\u00df bei den Ausstellern aus Asien.<\/p>\n\n\n\n<p>\u201eEs ist eine gro\u00dfe Freude, so viel Interesse an der FRUIT LOGISTICA zu sehen\u00bb, sagt Kai Mangelberger, Director der FRUIT LOGISTICA. \u201eWir k\u00f6nnen die Begeisterung f\u00f6rmlich sp\u00fcren.\u00bb<\/p>\n\n\n\n<p>Vier Personen stehen ins Gespr\u00e4ch vertieft an einem Messestand mit der Aufschrift &#8216;China&#8217;.<\/p>\n\n\n\n<p>Die Beteiligung chinesischer Aussteller lag 2024 bereits auf Rekordniveau und k\u00f6nnte 2025 noch getoppt werden.<\/p>\n\n\n\n<p>China wird eine herausragende Rolle spielen und voraussichtlich die Rekordbeteiligung von 2.400 Quadratmetern aus diesem Jahr \u00fcbertreffen.<\/p>\n\n\n\n<p>Eine hochrangige chinesische Delegation wird auf der FRUIT LOGISTICA erwartet, ein ermutigendes Zeichen f\u00fcr viele in der Branche, nachdem den deutschen Apfelexporteuren in diesem Jahr der Zugang zum chinesischen Markt gew\u00e4hrt wurde.<\/p>\n\n\n\n<p>Die Kosten f\u00fcr die Teilnahme als Aussteller an der FRUIT LOGISTICA bleiben auf dem Niveau der Ausgabe 2024, w\u00e4hrend die Preise f\u00fcr Fachbesucher:innen seit 2022 gleichgeblieben sind. Das ist eine gute Nachricht f\u00fcr Branchenteilnehmer:innen aus den drei Segmenten: Frische Produkte, Maschinen und Technologie sowie Logistik.<\/p>\n\n\n\n<p>\u201eWir erfahren so viel Interesse\u00bb, f\u00e4hrt Mangelberger fort, \u201edass wir m\u00f6glicherweise neue Hallen \u00f6ffnen m\u00fcssen, um alle unterzubringen. Wir haben immer einige sp\u00e4te Buchungen. Das macht es f\u00fcr diese Unternehmen schwieriger, ihren gew\u00fcnschten Platz zu bekommen. Mein Rat ist es also, rechtzeitig zu buchen!\u00bb<\/p>\n\n\n\n<p>Das bedeutet, dass die n\u00e4chste Veranstaltung wahrscheinlich noch mehr als die 2.750 Aussteller aus 94 L\u00e4ndern begr\u00fc\u00dfen wird, die im vergangenen Februar an der FRUIT LOGISTICA teilnahmen.<\/p>\n\n\n\n<p>Und diese eurasischen Verbindungen werden auch auf der ASIA FRUIT LOGISTICA, die im September in Hongkong stattfinden wird, gest\u00e4rkt werden.<\/p>\n\n\n\n<p>Aussteller k\u00f6nnen sich noch bis zum 31. Juli 2024 f\u00fcr die FRUIT LOGISTICA 2025 anmelden. Ausf\u00fchrliche Informationen zur Standanmeldung sind auf der Website der FRUIT LOGISTICA zu finden. Das Team der FRUIT LOGISTICA in Berlin oder eine der 150 internationalen Vertretungen der Messe Berlin helfen gerne weiter.<\/p>\n","protected":false},"excerpt":{"rendered":"<p>Die Nachfrage nach Ausstellungsfl\u00e4che der FRUIT LOGISTICA 2025 ist so gro\u00df, dass die Veranstalter \u00fcber eine weitere Expansion<\/p>\n","protected":false},"author":1,"featured_media":2385,"comment_status":"closed","ping_status":"closed","sticky":false,"template":"","format":"standard","meta":{"footnotes":""},"categories":[34,1],"tags":[],"class_list":["post-2384","post","type-post","status-publish","format-standard","has-post-thumbnail","hentry","category-allgemein","category-veranstaltungen"],"featured_image_urls":{"full":["https:\/\/agronoticias.es\/de\/wp-content\/uploads\/2024\/07\/Fruit-Logistica-logo.png",288,130,false],"thumbnail":["https:\/\/agronoticias.es\/de\/wp-content\/uploads\/2024\/07\/Fruit-Logistica-logo-150x130.png",150,130,true],"medium":["https:\/\/agronoticias.es\/de\/wp-content\/uploads\/2024\/07\/Fruit-Logistica-logo.png",288,130,false],"medium_large":["https:\/\/agronoticias.es\/de\/wp-content\/uploads\/2024\/07\/Fruit-Logistica-logo.png",288,130,false],"large":["https:\/\/agronoticias.es\/de\/wp-content\/uploads\/2024\/07\/Fruit-Logistica-logo.png",288,130,false],"1536x1536":["https:\/\/agronoticias.es\/de\/wp-content\/uploads\/2024\/07\/Fruit-Logistica-logo.png",288,130,false],"2048x2048":["https:\/\/agronoticias.es\/de\/wp-content\/uploads\/2024\/07\/Fruit-Logistica-logo.png",288,130,false],"morenews-large":["https:\/\/agronoticias.es\/de\/wp-content\/uploads\/2024\/07\/Fruit-Logistica-logo.png",288,130,false],"morenews-medium":["https:\/\/agronoticias.es\/de\/wp-content\/uploads\/2024\/07\/Fruit-Logistica-logo.png",288,130,false]},"author_info":{"display_name":"admin","author_link":"https:\/\/agronoticias.es\/de\/author\/admin\/"},"category_info":"<a href=\"https:\/\/agronoticias.es\/de\/category\/allgemein\/\" rel=\"category tag\">Allgemein<\/a> <a href=\"https:\/\/agronoticias.es\/de\/category\/veranstaltungen\/\" rel=\"category tag\">Veranstaltungen<\/a>","tag_info":"Veranstaltungen","comment_count":"0","_links":{"self":[{"href":"https:\/\/agronoticias.es\/de\/wp-json\/wp\/v2\/posts\/2384","targetHints":{"allow":["GET"]}}],"collection":[{"href":"https:\/\/agronoticias.es\/de\/wp-json\/wp\/v2\/posts"}],"about":[{"href":"https:\/\/agronoticias.es\/de\/wp-json\/wp\/v2\/types\/post"}],"author":[{"embeddable":true,"href":"https:\/\/agronoticias.es\/de\/wp-json\/wp\/v2\/users\/1"}],"replies":[{"embeddable":true,"href":"https:\/\/agronoticias.es\/de\/wp-json\/wp\/v2\/comments?post=2384"}],"version-history":[{"count":1,"href":"https:\/\/agronoticias.es\/de\/wp-json\/wp\/v2\/posts\/2384\/revisions"}],"predecessor-version":[{"id":2386,"href":"https:\/\/agronoticias.es\/de\/wp-json\/wp\/v2\/posts\/2384\/revisions\/2386"}],"wp:featuredmedia":[{"embeddable":true,"href":"https:\/\/agronoticias.es\/de\/wp-json\/wp\/v2\/media\/2385"}],"wp:attachment":[{"href":"https:\/\/agronoticias.es\/de\/wp-json\/wp\/v2\/media?parent=2384"}],"wp:term":[{"taxonomy":"category","embeddable":true,"href":"https:\/\/agronoticias.es\/de\/wp-json\/wp\/v2\/categories?post=2384"},{"taxonomy":"post_tag","embeddable":true,"href":"https:\/\/agronoticias.es\/de\/wp-json\/wp\/v2\/tags?post=2384"}],"curies":[{"name":"wp","href":"https:\/\/api.w.org\/{rel}","templated":true}]}}