{"id":2363,"date":"2024-07-04T12:38:54","date_gmt":"2024-07-04T10:38:54","guid":{"rendered":"https:\/\/agronoticias.es\/de\/?p=2363"},"modified":"2024-07-04T12:39:28","modified_gmt":"2024-07-04T10:39:28","slug":"spanien-castellon-start-der-wassermelonensaison-bei-benihort","status":"publish","type":"post","link":"https:\/\/agronoticias.es\/de\/spanien-castellon-start-der-wassermelonensaison-bei-benihort\/","title":{"rendered":"Spanien\/Castell\u00f3n \u2013 Start der Wassermelonensaison bei Benihort"},"content":{"rendered":"\n<p>Bei der Genossenschaft Benihort\/Benicarl\u00f3 hat nach eigenen Angaben die Wassermelonensaison begonnen. Nach den niedrigen Mengen der letzten beiden Kampagnen ist das Ziel des Unternehmens, in dieser Saison wieder ein Produktionsvolumen von 8 Mio kg kernarme gestreifte Wassermelonen zu erreichen.<\/p>\n\n\n\n<p>In diesem Jahr hat das gute Wetter im Fr\u00fchjahr zu einer hervorragenden Produktion gef\u00fchrt und man hofft, dass es auch weiterhin mitspielen wird. Im Sommer sind Wassermelonen das wichtigste Produkt von Benihort. In 2023 hatten sie einen Anteil von 24 % an der gesamten Gem\u00fcseproduktion der Genossenschaft.<\/p>\n\n\n\n<p>Wassermelonen von Benihort, die sich durch ihre S\u00fcsse, der gestreiften Schale und dem kernarmen Fruchtfleisch auszeichnen, werden in einer Vielzahl von Gr\u00f6ssen vermarktet, die die Anforderung des nationalen als auch Exportmarktes erf\u00fcllen. \u201eIn Europa bevorzugt man mittlere Gr\u00f6\u00dfen, d.h. Fr\u00fcchte von 4-6 kg, w\u00e4hrend auf dem spanischen Markt Wassermelonen zwischen 6 und 10 kg gefragt sind\u201c, erkl\u00e4rte Sebasti\u00e1n Torres, Vertriebs- und Exportleiter von Benihort Hortalizas.<\/p>\n\n\n\n<p> \u00dcber 50 % der Wassermelonenproduktion von Benihort geht in den Export. Wichtigste Abnehmer sind Frankreich, Deutschland, Polen, die Niederlande sowie ost- und nordeurop\u00e4ische L\u00e4nder. Sie werden sowohl unter der Marke Benihort vermarktet als auch unter den Eigenmarken der Kunden, so wie es bei verschiedenen Superm\u00e4rkten der Fall ist, die auf die Produkte von Benihort vertrauen. Quelle und foto: Benihort<\/p>\n","protected":false},"excerpt":{"rendered":"<p>Bei der Genossenschaft Benihort\/Benicarl\u00f3 hat nach eigenen Angaben die Wassermelonensaison begonnen. Nach den niedrigen Mengen der letzten beiden<\/p>\n","protected":false},"author":1,"featured_media":2364,"comment_status":"closed","ping_status":"closed","sticky":false,"template":"","format":"standard","meta":{"footnotes":""},"categories":[34],"tags":[],"class_list":["post-2363","post","type-post","status-publish","format-standard","has-post-thumbnail","hentry","category-allgemein"],"featured_image_urls":{"full":["https:\/\/agronoticias.es\/de\/wp-content\/uploads\/2024\/07\/sandia-benihort-supermercado.jpg",999,667,false],"thumbnail":["https:\/\/agronoticias.es\/de\/wp-content\/uploads\/2024\/07\/sandia-benihort-supermercado-150x150.jpg",150,150,true],"medium":["https:\/\/agronoticias.es\/de\/wp-content\/uploads\/2024\/07\/sandia-benihort-supermercado-300x200.jpg",300,200,true],"medium_large":["https:\/\/agronoticias.es\/de\/wp-content\/uploads\/2024\/07\/sandia-benihort-supermercado-768x513.jpg",640,428,true],"large":["https:\/\/agronoticias.es\/de\/wp-content\/uploads\/2024\/07\/sandia-benihort-supermercado.jpg",640,427,false],"1536x1536":["https:\/\/agronoticias.es\/de\/wp-content\/uploads\/2024\/07\/sandia-benihort-supermercado.jpg",999,667,false],"2048x2048":["https:\/\/agronoticias.es\/de\/wp-content\/uploads\/2024\/07\/sandia-benihort-supermercado.jpg",999,667,false],"morenews-large":["https:\/\/agronoticias.es\/de\/wp-content\/uploads\/2024\/07\/sandia-benihort-supermercado-825x575.jpg",825,575,true],"morenews-medium":["https:\/\/agronoticias.es\/de\/wp-content\/uploads\/2024\/07\/sandia-benihort-supermercado-590x410.jpg",590,410,true]},"author_info":{"display_name":"admin","author_link":"https:\/\/agronoticias.es\/de\/author\/admin\/"},"category_info":"<a href=\"https:\/\/agronoticias.es\/de\/category\/allgemein\/\" rel=\"category tag\">Allgemein<\/a>","tag_info":"Allgemein","comment_count":"0","_links":{"self":[{"href":"https:\/\/agronoticias.es\/de\/wp-json\/wp\/v2\/posts\/2363","targetHints":{"allow":["GET"]}}],"collection":[{"href":"https:\/\/agronoticias.es\/de\/wp-json\/wp\/v2\/posts"}],"about":[{"href":"https:\/\/agronoticias.es\/de\/wp-json\/wp\/v2\/types\/post"}],"author":[{"embeddable":true,"href":"https:\/\/agronoticias.es\/de\/wp-json\/wp\/v2\/users\/1"}],"replies":[{"embeddable":true,"href":"https:\/\/agronoticias.es\/de\/wp-json\/wp\/v2\/comments?post=2363"}],"version-history":[{"count":2,"href":"https:\/\/agronoticias.es\/de\/wp-json\/wp\/v2\/posts\/2363\/revisions"}],"predecessor-version":[{"id":2367,"href":"https:\/\/agronoticias.es\/de\/wp-json\/wp\/v2\/posts\/2363\/revisions\/2367"}],"wp:featuredmedia":[{"embeddable":true,"href":"https:\/\/agronoticias.es\/de\/wp-json\/wp\/v2\/media\/2364"}],"wp:attachment":[{"href":"https:\/\/agronoticias.es\/de\/wp-json\/wp\/v2\/media?parent=2363"}],"wp:term":[{"taxonomy":"category","embeddable":true,"href":"https:\/\/agronoticias.es\/de\/wp-json\/wp\/v2\/categories?post=2363"},{"taxonomy":"post_tag","embeddable":true,"href":"https:\/\/agronoticias.es\/de\/wp-json\/wp\/v2\/tags?post=2363"}],"curies":[{"name":"wp","href":"https:\/\/api.w.org\/{rel}","templated":true}]}}