{"id":2355,"date":"2024-06-28T16:01:54","date_gmt":"2024-06-28T14:01:54","guid":{"rendered":"https:\/\/agronoticias.es\/de\/?p=2355"},"modified":"2024-06-28T16:01:56","modified_gmt":"2024-06-28T14:01:56","slug":"lidl-und-wwf-starten-ambitionierte-internationale-partnerschaft","status":"publish","type":"post","link":"https:\/\/agronoticias.es\/de\/lidl-und-wwf-starten-ambitionierte-internationale-partnerschaft\/","title":{"rendered":"Lidl und WWF starten ambitionierte internationale Partnerschaft"},"content":{"rendered":"\n<p> <\/p>\n\n\n\n<p> <\/p>\n\n\n\n<p>Lidl und WWF einer der gr\u00f6\u00dften Einzelh\u00e4ndler, und der WWF (World Wide Fund For Nature), eine der weltweit gr\u00f6\u00dften unabh\u00e4ngigen Naturschutzorganisationen, starten eine internationale Partnerschaft \u00fcber alle 31 L\u00e4nder hinweg, in denen Lidl t\u00e4tig ist.<\/p>\n\n\n\n<p>Erste inhaltliche Zusammenarbeiten starteten bereits 2017 zwischen Lidl Schweiz und dem WWF Schweiz. WWF Schweiz wird auch die neue internationale Zusammenarbeit koordinieren. Die auf f\u00fcnf Jahre angelegte Partnerschaft ist ein weiterer Baustein des Nachhaltigkeitsengagements, das Lidl seit Jahren im Rahmen seiner Nachhaltigkeitsstrategie mit dem Fokus auf den sechs Themen \u201eBiodiversit\u00e4t achten\u201c, \u201eKlima sch\u00fctzen\u201c, \u201eRessourcen schonen\u201c, \u201eFair handeln\u201c, \u201eGesundheit f\u00f6rdern\u201c und \u201eDialog f\u00fchren\u201c vorantreibt. Die internationale Partnerschaft konzentriert sich auf die globalen \u00f6kologischen und sozialen Herausforderungen dieser Zeit: Schutz der biologischen Vielfalt, des Klimas und nat\u00fcrlicher Ressourcen wie S\u00fc\u00dfwasser.<\/p>\n\n\n\n<p>\u201eUnsere Kr\u00e4fte b\u00fcndeln\u201c<\/p>\n\n\n\n<p>\u201eAls einer der gr\u00f6\u00dften Lebensmittelh\u00e4ndler sind wir uns unserer Verantwortung und unseres Einflusses bewusst. Wir \u00fcbernehmen Verantwortung mit dem Ziel, innerhalb der planetaren Grenzen zu wirtschaften. Nachhaltiges Wirtschaften ist f\u00fcr Lidl dabei nicht nur eine Frage der Haltung, sondern auch Grundlage f\u00fcr die Zukunftsf\u00e4higkeit unseres Gesch\u00e4ftsmodells. Mit der Unterst\u00fctzung und Expertise des WWF werden wir unser nachhaltiges Engagement auf das n\u00e4chste Level heben. Die gro\u00dfen globalen Herausforderungen wie Klimawandel und Biodiversit\u00e4tsverlust k\u00f6nnen wir nur gemeinsam bew\u00e4ltigen. Daher setzen wir bei Lidl auf diese starke Partnerschaft, um gemeinsam unseren Kunden jeden Tag eine nachhaltigere Auswahl zu bieten,\u201c sagt Christoph Pohl, Vorstand Einkauf Lidl International.<\/p>\n\n\n\n<p>Kirsten Schuijt, Director General WWF International, erg\u00e4nzt: \u201eDie Art und Weise, wie wir Lebensmittel und Energie konsumieren, ist eine der Hauptursachen f\u00fcr Artensterben und Klimawandel. Um die derzeit gr\u00f6\u00dfte Krise der Menschheit aufzuhalten und umzukehren, ben\u00f6tigen wir dringend mutige Schritte zur Ver\u00e4nderung unserer Ern\u00e4hrungs- und Energiesysteme, und der Lebensmitteleinzelhandel spielt dabei eine wichtige Rolle. Als gr\u00f6\u00dfter Lebensmitteleinzelh\u00e4ndler in Europa verf\u00fcgt Lidl \u00fcber einen enormen internationalen Hebel, um nachhaltige Ver\u00e4nderungen in der Branche voranzutreiben. Der WWF ist stolz darauf, Lidl auf diesem Weg zu begleiten, und das Unternehmen zu unterst\u00fctzen und zu fordern.\u201c<\/p>\n\n\n\n<p>Gemeinsam mehr bewegen in 31 L\u00e4ndern<\/p>\n\n\n\n<p>Bestehende nationale Kooperationen zwischen Lidl und dem WWF, beispielsweise in der Schweiz und in \u00d6sterreich, werden nun weiter intensiviert und die Zusammenarbeit international ausgeweitet \u2013 denn ein nachhaltiges Engagement kennt keine Grenzen. Lidl hat sich zum Ziel gesetzt, seinen Kunden weltweit den umweltschonenderen Einkauf k\u00fcnftig noch einfacher zu machen und arbeitet mit dem WWF f\u00fcr eine nachhaltigere Auswahl zusammen, um so die nachhaltige Transformation aktiv mitzugestalten.<\/p>\n\n\n\n<p>Die internationale Partnerschaft unter Federf\u00fchrung des WWF Schweiz wird sich auf folgende Schwerpunkte konzentrieren:<\/p>\n\n\n\n<p>Erhalt und F\u00f6rderung der Biodiversit\u00e4t<\/p>\n\n\n\n<p>Verantwortungsvoller Umgang mit Wasserressourcen<\/p>\n\n\n\n<p>Klimaschutz auf der Basis von wissenschaftsbasierten Klimazielen&nbsp;<\/p>\n\n\n\n<p>Auf- und Ausbau von transparenten, entwaldungs- und umwandlungsfreien Lieferketten<\/p>\n\n\n\n<p>Verantwortungsvolle Beschaffung kritischer Rohstoffe<\/p>\n\n\n\n<p>Verantwortungsvolle Beschaffung von Fisch und Meeresfr\u00fcchten sowie Engagement f\u00fcr den Schutz kritischer Fischgebiete und -best\u00e4nde<\/p>\n\n\n\n<p>Engagement f\u00fcr eine bewusste, nachhaltigere Ern\u00e4hrung und nachhaltigeren Konsum<\/p>\n\n\n\n<p>Reduzierung von Lebensmittelabf\u00e4llen<\/p>\n\n\n\n<p>Neben dem Engagement entlang der eigenen Wertsch\u00f6pfungskette wird Lidl verschiedene Projekte des WWF zum Schutz der Umwelt in den Bezugsregionen unterst\u00fctzen. Quelle und Foto: Lidl<\/p>\n\n\n\n<p>Fototext: v.l.: Thomas Vellacott (CEO WWF CH), Christoph Pohl (Vorstand Einkauf Lidl International), Kirsten Schuijt (CEO WWF INT))<\/p>\n","protected":false},"excerpt":{"rendered":"<p>Lidl und WWF einer der gr\u00f6\u00dften Einzelh\u00e4ndler, und der WWF (World Wide Fund For Nature), eine der weltweit<\/p>\n","protected":false},"author":1,"featured_media":2356,"comment_status":"closed","ping_status":"closed","sticky":false,"template":"","format":"standard","meta":{"footnotes":""},"categories":[34],"tags":[],"class_list":["post-2355","post","type-post","status-publish","format-standard","has-post-thumbnail","hentry","category-allgemein"],"featured_image_urls":{"full":["https:\/\/agronoticias.es\/de\/wp-content\/uploads\/2024\/06\/Lidl_PI_Partnerschaft-WWF_web.jpg",950,633,false],"thumbnail":["https:\/\/agronoticias.es\/de\/wp-content\/uploads\/2024\/06\/Lidl_PI_Partnerschaft-WWF_web-150x150.jpg",150,150,true],"medium":["https:\/\/agronoticias.es\/de\/wp-content\/uploads\/2024\/06\/Lidl_PI_Partnerschaft-WWF_web-300x200.jpg",300,200,true],"medium_large":["https:\/\/agronoticias.es\/de\/wp-content\/uploads\/2024\/06\/Lidl_PI_Partnerschaft-WWF_web-768x512.jpg",640,427,true],"large":["https:\/\/agronoticias.es\/de\/wp-content\/uploads\/2024\/06\/Lidl_PI_Partnerschaft-WWF_web.jpg",640,426,false],"1536x1536":["https:\/\/agronoticias.es\/de\/wp-content\/uploads\/2024\/06\/Lidl_PI_Partnerschaft-WWF_web.jpg",950,633,false],"2048x2048":["https:\/\/agronoticias.es\/de\/wp-content\/uploads\/2024\/06\/Lidl_PI_Partnerschaft-WWF_web.jpg",950,633,false],"morenews-large":["https:\/\/agronoticias.es\/de\/wp-content\/uploads\/2024\/06\/Lidl_PI_Partnerschaft-WWF_web-825x575.jpg",825,575,true],"morenews-medium":["https:\/\/agronoticias.es\/de\/wp-content\/uploads\/2024\/06\/Lidl_PI_Partnerschaft-WWF_web-590x410.jpg",590,410,true]},"author_info":{"display_name":"admin","author_link":"https:\/\/agronoticias.es\/de\/author\/admin\/"},"category_info":"<a href=\"https:\/\/agronoticias.es\/de\/category\/allgemein\/\" rel=\"category tag\">Allgemein<\/a>","tag_info":"Allgemein","comment_count":"0","_links":{"self":[{"href":"https:\/\/agronoticias.es\/de\/wp-json\/wp\/v2\/posts\/2355","targetHints":{"allow":["GET"]}}],"collection":[{"href":"https:\/\/agronoticias.es\/de\/wp-json\/wp\/v2\/posts"}],"about":[{"href":"https:\/\/agronoticias.es\/de\/wp-json\/wp\/v2\/types\/post"}],"author":[{"embeddable":true,"href":"https:\/\/agronoticias.es\/de\/wp-json\/wp\/v2\/users\/1"}],"replies":[{"embeddable":true,"href":"https:\/\/agronoticias.es\/de\/wp-json\/wp\/v2\/comments?post=2355"}],"version-history":[{"count":1,"href":"https:\/\/agronoticias.es\/de\/wp-json\/wp\/v2\/posts\/2355\/revisions"}],"predecessor-version":[{"id":2357,"href":"https:\/\/agronoticias.es\/de\/wp-json\/wp\/v2\/posts\/2355\/revisions\/2357"}],"wp:featuredmedia":[{"embeddable":true,"href":"https:\/\/agronoticias.es\/de\/wp-json\/wp\/v2\/media\/2356"}],"wp:attachment":[{"href":"https:\/\/agronoticias.es\/de\/wp-json\/wp\/v2\/media?parent=2355"}],"wp:term":[{"taxonomy":"category","embeddable":true,"href":"https:\/\/agronoticias.es\/de\/wp-json\/wp\/v2\/categories?post=2355"},{"taxonomy":"post_tag","embeddable":true,"href":"https:\/\/agronoticias.es\/de\/wp-json\/wp\/v2\/tags?post=2355"}],"curies":[{"name":"wp","href":"https:\/\/api.w.org\/{rel}","templated":true}]}}