{"id":2352,"date":"2024-06-27T17:01:29","date_gmt":"2024-06-27T15:01:29","guid":{"rendered":"https:\/\/agronoticias.es\/de\/?p=2352"},"modified":"2024-06-27T17:01:29","modified_gmt":"2024-06-27T15:01:29","slug":"katalonien-wesentlich-kleinere-birnenernte","status":"publish","type":"post","link":"https:\/\/agronoticias.es\/de\/katalonien-wesentlich-kleinere-birnenernte\/","title":{"rendered":"Katalonien: Wesentlich kleinere Birnenernte."},"content":{"rendered":"\n<p> <\/p>\n\n\n\n<p> <\/p>\n\n\n\n<p>Nach den in KW 26 von Afrucat, (Verband der katalanischen Obstunternehmen), und DACC (Beh\u00f6rde f\u00fcr Klimaschutz, Ern\u00e4hrung und l\u00e4ndliche Agenda) pr\u00e4sentierten Daten, wird es in Katalonien in der n\u00e4chsten Saison mit gesch\u00e4tzten 80.426 t eine um 33 % kleinere Birnenernte geben.<\/p>\n\n\n\n<p>Die Daten, die auf dem Interpera-Kongress am 27. Juni in Portugal vorgestellt werden, zeigen einen allgemeinen R\u00fcckgang bei allen Sorten, mit Ausnahme der Sorte Blanquilla, die sich mit einem Zuwachs von 20 % von dem Produktionsr\u00fcckgang der letzten Saison erholt hat.<\/p>\n\n\n\n<p>Der Produktionsr\u00fcckgang ist gr\u00f6\u00dftenteils auf die Nachwirkungen der Trockenheit im Fr\u00fchjahr 2023 und der Hitze des letzten Sommers und dieses Winters zur\u00fcckzuf\u00fchren. Der Wasserstress der Birnb\u00e4ume zu bestimmten Zeiten, insbesondere vor der Ernte, verursachte Probleme bei der Bl\u00fcteninduktion im folgenden Jahr. Dies hat zu einem allgemeinen R\u00fcckgang der Bl\u00fcte und einem schlechten Fruchtansatz gef\u00fchrt, was einen erheblichen physiologischen Abwurf zur Folge hatte.<\/p>\n\n\n\n<p>Conference, die wichtigste Birnensorte in Katalonien, hat am st\u00e4rksten unter den ung\u00fcnstigen Wetterbedingungen gelitten und verzeichnet mit einer gesch\u00e4tzten Ernte von 33.693 t gegen\u00fcber 61.108 t im letzten Jahr einen Produktionsr\u00fcckgang von fast 45 %.<\/p>\n\n\n\n<p>Joan Serentill, Pr\u00e4sident der Gruppe Kernobst von Afrucat, erkl\u00e4rte: \u201eDas ist ein Jahr zur R\u00fcckeroberung und Erholung des nationalen Marktes. Wir erwarten Birnen mit guten Gr\u00f6\u00dfen und guter Qualit\u00e4t und der spanische Markt ist derjenige, der diese gro\u00dfen, s\u00fc\u00dfen Birnen am meisten sch\u00e4tzt. Unser Exportprofil wird sicherlich darunter leiden, und Italien als Hauptbestimmungsland wird diese knappen Lieferungen mit Sicherheit merken.\u201c<\/p>\n\n\n\n<p>Weiter f\u00fchrte er aus: \u201eDieser Produktionseinbruch ist eine schlechte Nachricht in Bezug auf die Konsumf\u00f6rderung von Birnen und Obst generell, wo der Absatz seit Jahren kontinuierlich zur\u00fcckgeht. Die Birnenkonsumenten werden immer \u00e4lter, und unsere Herausforderung besteht darin, die j\u00fcngeren Verbraucher zu erreichen und Birnen in ihren Denken zu einem Trendprodukt zu machen. Wir m\u00fcssen erreichen, dass sich junge Menschen in unsere Birnen verlieben.\u201c<\/p>\n","protected":false},"excerpt":{"rendered":"<p>Nach den in KW 26 von Afrucat, (Verband der katalanischen Obstunternehmen), und DACC (Beh\u00f6rde f\u00fcr Klimaschutz, Ern\u00e4hrung und<\/p>\n","protected":false},"author":1,"featured_media":2353,"comment_status":"closed","ping_status":"closed","sticky":false,"template":"","format":"standard","meta":{"footnotes":""},"categories":[34],"tags":[],"class_list":["post-2352","post","type-post","status-publish","format-standard","has-post-thumbnail","hentry","category-allgemein"],"featured_image_urls":{"full":["https:\/\/agronoticias.es\/de\/wp-content\/uploads\/2024\/06\/afrucat-peras-24.jpg",1000,750,false],"thumbnail":["https:\/\/agronoticias.es\/de\/wp-content\/uploads\/2024\/06\/afrucat-peras-24-150x150.jpg",150,150,true],"medium":["https:\/\/agronoticias.es\/de\/wp-content\/uploads\/2024\/06\/afrucat-peras-24-300x225.jpg",300,225,true],"medium_large":["https:\/\/agronoticias.es\/de\/wp-content\/uploads\/2024\/06\/afrucat-peras-24-768x576.jpg",640,480,true],"large":["https:\/\/agronoticias.es\/de\/wp-content\/uploads\/2024\/06\/afrucat-peras-24.jpg",640,480,false],"1536x1536":["https:\/\/agronoticias.es\/de\/wp-content\/uploads\/2024\/06\/afrucat-peras-24.jpg",1000,750,false],"2048x2048":["https:\/\/agronoticias.es\/de\/wp-content\/uploads\/2024\/06\/afrucat-peras-24.jpg",1000,750,false],"morenews-large":["https:\/\/agronoticias.es\/de\/wp-content\/uploads\/2024\/06\/afrucat-peras-24-825x575.jpg",825,575,true],"morenews-medium":["https:\/\/agronoticias.es\/de\/wp-content\/uploads\/2024\/06\/afrucat-peras-24-590x410.jpg",590,410,true]},"author_info":{"display_name":"admin","author_link":"https:\/\/agronoticias.es\/de\/author\/admin\/"},"category_info":"<a href=\"https:\/\/agronoticias.es\/de\/category\/allgemein\/\" rel=\"category tag\">Allgemein<\/a>","tag_info":"Allgemein","comment_count":"0","_links":{"self":[{"href":"https:\/\/agronoticias.es\/de\/wp-json\/wp\/v2\/posts\/2352","targetHints":{"allow":["GET"]}}],"collection":[{"href":"https:\/\/agronoticias.es\/de\/wp-json\/wp\/v2\/posts"}],"about":[{"href":"https:\/\/agronoticias.es\/de\/wp-json\/wp\/v2\/types\/post"}],"author":[{"embeddable":true,"href":"https:\/\/agronoticias.es\/de\/wp-json\/wp\/v2\/users\/1"}],"replies":[{"embeddable":true,"href":"https:\/\/agronoticias.es\/de\/wp-json\/wp\/v2\/comments?post=2352"}],"version-history":[{"count":1,"href":"https:\/\/agronoticias.es\/de\/wp-json\/wp\/v2\/posts\/2352\/revisions"}],"predecessor-version":[{"id":2354,"href":"https:\/\/agronoticias.es\/de\/wp-json\/wp\/v2\/posts\/2352\/revisions\/2354"}],"wp:featuredmedia":[{"embeddable":true,"href":"https:\/\/agronoticias.es\/de\/wp-json\/wp\/v2\/media\/2353"}],"wp:attachment":[{"href":"https:\/\/agronoticias.es\/de\/wp-json\/wp\/v2\/media?parent=2352"}],"wp:term":[{"taxonomy":"category","embeddable":true,"href":"https:\/\/agronoticias.es\/de\/wp-json\/wp\/v2\/categories?post=2352"},{"taxonomy":"post_tag","embeddable":true,"href":"https:\/\/agronoticias.es\/de\/wp-json\/wp\/v2\/tags?post=2352"}],"curies":[{"name":"wp","href":"https:\/\/api.w.org\/{rel}","templated":true}]}}