{"id":2320,"date":"2024-06-18T16:17:50","date_gmt":"2024-06-18T14:17:50","guid":{"rendered":"https:\/\/agronoticias.es\/de\/?p=2320"},"modified":"2024-06-18T16:23:46","modified_gmt":"2024-06-18T14:23:46","slug":"melonen-murcia-regenfalle-der-letzten-tage-werden-weder-die-produktion-noch-die-qualitat-beeintrachtigen","status":"publish","type":"post","link":"https:\/\/agronoticias.es\/de\/melonen-murcia-regenfalle-der-letzten-tage-werden-weder-die-produktion-noch-die-qualitat-beeintrachtigen\/","title":{"rendered":"Melonen\/Murcia: Regenf\u00e4lle der letzten Tage werden weder die Produktion noch die Qualit\u00e4t beeintr\u00e4chtigen"},"content":{"rendered":"\n<p>In der Woche 24\/24 kam es in der Region Murcia zu heftigen Regenf\u00e4llen und Gewitter, die von Hagel begleitet wurden. Nach Angaben des murcianischen Landwirtschaftsministeriums wurden 7.583 ha betroffen mit Sch\u00e4den in H\u00f6he von 48 Mio Euro. Die am st\u00e4rksten betroffenen Gebiete sind Cieza und Calasparra mit Obstkulturen, Mandelkulturen und Olivenhaine. In Bezug auf die Situation bei Melonen und Wassermelonen, gaben (KW25\/24) Proexport und Fecoam ihre Einsch\u00e4tzung ab.<\/p>\n\n\n\n<p>Derzeit, befinden sich die Melonen- und Wassermelonengebiete im Campo de Cartagena, \u00c1guilas, Totana und Lorca, im Norden von Murcia, Caravaca, Calasparra, Jumilla und anderen Gebieten im S\u00fcden von Albacete in voller Kampagne. Jos\u00e9 C\u00e1novas (Proexport) bat in Bezug auf die Auswirkungen der Gewitter mit Hagel um Besonnenheit, und erkl\u00e4rte, dass die Qualit\u00e4t nicht beeintr\u00e4chtigt worden ist. \u00abEs wird sicherlich einige Verz\u00f6gerungen bei der Entwicklung der Ernte geben, aber wir konzentrieren unsere Bem\u00fchungen darauf, die Qualit\u00e4t unserer Produkte zu halten, die Erwartungen der Verbraucher zu erf\u00fcllen und unsere Verpflichtungen gegen\u00fcber unseren Kunden einzuhalten\u00bb, sagte er.<\/p>\n\n\n\n<p>Obwohl es einige kleinere Sch\u00e4den gab, ist die Situation im Allgemeinen nicht besorgniserregend. \u201eZwar k\u00f6nnen sich die Anpflanzungen in dieser fr\u00fchen Phase noch von dem Hagel erholen, aber es sind mindestens 40 ha durch den Starkregen besch\u00e4digt\u00bb, so Cele Buend\u00eda (Melones El Abuelo).<\/p>\n\n\n\n<p>Felipe L\u00f3pez, (Fecoam) erkl\u00e4rte seinerseits: \u201eNat\u00fcrlich sind die Kulturen betroffen. Die Intensit\u00e4t der Niederschl\u00e4ge war gr\u00f6\u00dfer als bei dem Unwetter in 2019, 45-50 l in nur 20 Minuten, aber es wird keinen Mangel an Melonen oder Wassermelonen geben, es wird zwar etwas weniger sein, aber genug und mit Qualit\u00e4t, so dass wir die Programme normal abwickeln k\u00f6nnen\u201c<\/p>\n\n\n\n<p> Marisa Sasiain, (Alimer), sch\u00e4tzte die Auswirkungen auf die Wassermelonenproduktion ein: \u00abDer sp\u00e4te Regen ist auch nicht gut f\u00fcr die Wassermelonen, sie werden wieder gr\u00fcn und brauchen noch einige Tage, 4-5, um den gew\u00fcnschten Geschmack zu erreichen. Um die Auswirkungen zu beurteilen, ist es noch zu fr\u00fch, aber im Moment gibt es keine sichtbaren Sch\u00e4den und wir sind sehr optimistisch f\u00fcr diese Saison.\u201c Quelle und Foto: Proexport<\/p>\n","protected":false},"excerpt":{"rendered":"<p>In der Woche 24\/24 kam es in der Region Murcia zu heftigen Regenf\u00e4llen und Gewitter, die von Hagel<\/p>\n","protected":false},"author":1,"featured_media":2321,"comment_status":"closed","ping_status":"closed","sticky":false,"template":"","format":"standard","meta":{"footnotes":""},"categories":[34],"tags":[],"class_list":["post-2320","post","type-post","status-publish","format-standard","has-post-thumbnail","hentry","category-allgemein"],"featured_image_urls":{"full":["https:\/\/agronoticias.es\/de\/wp-content\/uploads\/2024\/06\/melonmurcia-proexport.jpg",990,666,false],"thumbnail":["https:\/\/agronoticias.es\/de\/wp-content\/uploads\/2024\/06\/melonmurcia-proexport-150x150.jpg",150,150,true],"medium":["https:\/\/agronoticias.es\/de\/wp-content\/uploads\/2024\/06\/melonmurcia-proexport-300x202.jpg",300,202,true],"medium_large":["https:\/\/agronoticias.es\/de\/wp-content\/uploads\/2024\/06\/melonmurcia-proexport-768x517.jpg",640,431,true],"large":["https:\/\/agronoticias.es\/de\/wp-content\/uploads\/2024\/06\/melonmurcia-proexport.jpg",640,431,false],"1536x1536":["https:\/\/agronoticias.es\/de\/wp-content\/uploads\/2024\/06\/melonmurcia-proexport.jpg",990,666,false],"2048x2048":["https:\/\/agronoticias.es\/de\/wp-content\/uploads\/2024\/06\/melonmurcia-proexport.jpg",990,666,false],"morenews-large":["https:\/\/agronoticias.es\/de\/wp-content\/uploads\/2024\/06\/melonmurcia-proexport-825x575.jpg",825,575,true],"morenews-medium":["https:\/\/agronoticias.es\/de\/wp-content\/uploads\/2024\/06\/melonmurcia-proexport-590x410.jpg",590,410,true]},"author_info":{"display_name":"admin","author_link":"https:\/\/agronoticias.es\/de\/author\/admin\/"},"category_info":"<a href=\"https:\/\/agronoticias.es\/de\/category\/allgemein\/\" rel=\"category tag\">Allgemein<\/a>","tag_info":"Allgemein","comment_count":"0","_links":{"self":[{"href":"https:\/\/agronoticias.es\/de\/wp-json\/wp\/v2\/posts\/2320","targetHints":{"allow":["GET"]}}],"collection":[{"href":"https:\/\/agronoticias.es\/de\/wp-json\/wp\/v2\/posts"}],"about":[{"href":"https:\/\/agronoticias.es\/de\/wp-json\/wp\/v2\/types\/post"}],"author":[{"embeddable":true,"href":"https:\/\/agronoticias.es\/de\/wp-json\/wp\/v2\/users\/1"}],"replies":[{"embeddable":true,"href":"https:\/\/agronoticias.es\/de\/wp-json\/wp\/v2\/comments?post=2320"}],"version-history":[{"count":2,"href":"https:\/\/agronoticias.es\/de\/wp-json\/wp\/v2\/posts\/2320\/revisions"}],"predecessor-version":[{"id":2324,"href":"https:\/\/agronoticias.es\/de\/wp-json\/wp\/v2\/posts\/2320\/revisions\/2324"}],"wp:featuredmedia":[{"embeddable":true,"href":"https:\/\/agronoticias.es\/de\/wp-json\/wp\/v2\/media\/2321"}],"wp:attachment":[{"href":"https:\/\/agronoticias.es\/de\/wp-json\/wp\/v2\/media?parent=2320"}],"wp:term":[{"taxonomy":"category","embeddable":true,"href":"https:\/\/agronoticias.es\/de\/wp-json\/wp\/v2\/categories?post=2320"},{"taxonomy":"post_tag","embeddable":true,"href":"https:\/\/agronoticias.es\/de\/wp-json\/wp\/v2\/tags?post=2320"}],"curies":[{"name":"wp","href":"https:\/\/api.w.org\/{rel}","templated":true}]}}