{"id":2316,"date":"2024-06-17T14:40:11","date_gmt":"2024-06-17T12:40:11","guid":{"rendered":"https:\/\/agronoticias.es\/de\/?p=2316"},"modified":"2024-06-17T14:40:11","modified_gmt":"2024-06-17T12:40:11","slug":"murcia-regen-und-hagel-verursachen-millionenschaden","status":"publish","type":"post","link":"https:\/\/agronoticias.es\/de\/murcia-regen-und-hagel-verursachen-millionenschaden\/","title":{"rendered":"Murcia: Regen und Hagel verursachen Millionensch\u00e4den"},"content":{"rendered":"\n<p>Die durch den Regen und Hagel in KW 24 verursachten Sch\u00e4den in Murcia haben zu Verlusten in H\u00f6he von 48 Mio Euro gef\u00fchrt. Dies geht aus dem Bericht der Techniker des regionalen Landwirtschaftsministeriums hervor.<\/p>\n\n\n\n<p>Insgesamt sind 7.583 Hektar betroffen. \u201eDie gr\u00f6\u00dften Sch\u00e4den gibt es im Gebiet von Cieza und Calasparra bei Obst-, Mandel und Olivenkulturen sowie Viehzuchtbetrieben\u201c betonte die regionale Landwirtschaftsministerin, Sara Rubira, \u201ewas einen neuen R\u00fcckschlag f\u00fcr unsere Landwirte und Viehz\u00fcchter bedeutet. Sobald die endg\u00fcltige Schadenbewertung abgeschlossen ist, wird die murcianische Regionalregierung die n\u00f6tigen Schritte einleiten, damit die spanische Regierung die betroffenen Gebiete zum Katastrophengebiet erkl\u00e4rt und direkte Hilfen gew\u00e4hrt, die es den Landwirten und Vieh\u00fcchtern erm\u00f6glichen, ihre aktuelle Situation zu mildern.\u201c<\/p>\n\n\n\n<p>Sch\u00e4den nach Gebieten<\/p>\n\n\n\n<p>In den Gebieten des Altiplano, Jumilla und Yecla wurden 470 ha mit Aprikosen- Pfirsich-, Nektarinen-, Mandel-, Oliven-, Birnen- und Weinkuluren betroffen und verursachten wirtschaftliche Verluste in H\u00f6he von 1.106.831 Euro.<\/p>\n\n\n\n<p>Im Nordwesten waren die Gebiete Bullas, Ceheg\u00edn und Moratalla auf einer Fl\u00e4che von 421 ha Mangold-, Aprikosen-, Mandel-, Broccoli-, Pflaumen-, Salat-, Pfirsich-, Melonen-, Nektarinen- und Olivenb\u00e4umen betroffen. Die Verluste belaufen sich auf 3.931.637 Euro.<\/p>\n\n\n\n<p>In der Region R\u00edo Mula wurden alle Gebiete gesch\u00e4digt: Albudeite, Campos del R\u00edo, Mula und Pliego, konkret 1.832 Ha Aprikosen-, Mandel-, Zitronen-, Mandarinen-, Pfirsich-, Orangen-, Nektarinen- und Olivenb\u00e4ume und einem wirtschaftlichen Schaden von insgesamt 4.038.869 Euro.<\/p>\n\n\n\n<p>In der Region Vega Alta waren es die Gebiete Calasparra und Cieza mit 4.860 ha Aprikosen-, Mandel-, Pfirsich-, Nektarinen- und Olivenkulturen und einem wirtschaftlichen Verlust von insgesamt 38.842.254 Euro. Quelle\/foto:Carm<\/p>\n","protected":false},"excerpt":{"rendered":"<p>Die durch den Regen und Hagel in KW 24 verursachten Sch\u00e4den in Murcia haben zu Verlusten in H\u00f6he<\/p>\n","protected":false},"author":1,"featured_media":2317,"comment_status":"closed","ping_status":"closed","sticky":false,"template":"","format":"standard","meta":{"footnotes":""},"categories":[34],"tags":[],"class_list":["post-2316","post","type-post","status-publish","format-standard","has-post-thumbnail","hentry","category-allgemein"],"featured_image_urls":{"full":["https:\/\/agronoticias.es\/de\/wp-content\/uploads\/2024\/06\/melocoton-pedrisco.jpg",289,385,false],"thumbnail":["https:\/\/agronoticias.es\/de\/wp-content\/uploads\/2024\/06\/melocoton-pedrisco-150x150.jpg",150,150,true],"medium":["https:\/\/agronoticias.es\/de\/wp-content\/uploads\/2024\/06\/melocoton-pedrisco-225x300.jpg",225,300,true],"medium_large":["https:\/\/agronoticias.es\/de\/wp-content\/uploads\/2024\/06\/melocoton-pedrisco.jpg",289,385,false],"large":["https:\/\/agronoticias.es\/de\/wp-content\/uploads\/2024\/06\/melocoton-pedrisco.jpg",289,385,false],"1536x1536":["https:\/\/agronoticias.es\/de\/wp-content\/uploads\/2024\/06\/melocoton-pedrisco.jpg",289,385,false],"2048x2048":["https:\/\/agronoticias.es\/de\/wp-content\/uploads\/2024\/06\/melocoton-pedrisco.jpg",289,385,false],"morenews-large":["https:\/\/agronoticias.es\/de\/wp-content\/uploads\/2024\/06\/melocoton-pedrisco.jpg",289,385,false],"morenews-medium":["https:\/\/agronoticias.es\/de\/wp-content\/uploads\/2024\/06\/melocoton-pedrisco.jpg",289,385,false]},"author_info":{"display_name":"admin","author_link":"https:\/\/agronoticias.es\/de\/author\/admin\/"},"category_info":"<a href=\"https:\/\/agronoticias.es\/de\/category\/allgemein\/\" rel=\"category tag\">Allgemein<\/a>","tag_info":"Allgemein","comment_count":"0","_links":{"self":[{"href":"https:\/\/agronoticias.es\/de\/wp-json\/wp\/v2\/posts\/2316","targetHints":{"allow":["GET"]}}],"collection":[{"href":"https:\/\/agronoticias.es\/de\/wp-json\/wp\/v2\/posts"}],"about":[{"href":"https:\/\/agronoticias.es\/de\/wp-json\/wp\/v2\/types\/post"}],"author":[{"embeddable":true,"href":"https:\/\/agronoticias.es\/de\/wp-json\/wp\/v2\/users\/1"}],"replies":[{"embeddable":true,"href":"https:\/\/agronoticias.es\/de\/wp-json\/wp\/v2\/comments?post=2316"}],"version-history":[{"count":1,"href":"https:\/\/agronoticias.es\/de\/wp-json\/wp\/v2\/posts\/2316\/revisions"}],"predecessor-version":[{"id":2318,"href":"https:\/\/agronoticias.es\/de\/wp-json\/wp\/v2\/posts\/2316\/revisions\/2318"}],"wp:featuredmedia":[{"embeddable":true,"href":"https:\/\/agronoticias.es\/de\/wp-json\/wp\/v2\/media\/2317"}],"wp:attachment":[{"href":"https:\/\/agronoticias.es\/de\/wp-json\/wp\/v2\/media?parent=2316"}],"wp:term":[{"taxonomy":"category","embeddable":true,"href":"https:\/\/agronoticias.es\/de\/wp-json\/wp\/v2\/categories?post=2316"},{"taxonomy":"post_tag","embeddable":true,"href":"https:\/\/agronoticias.es\/de\/wp-json\/wp\/v2\/tags?post=2316"}],"curies":[{"name":"wp","href":"https:\/\/api.w.org\/{rel}","templated":true}]}}