{"id":2286,"date":"2024-06-03T16:37:27","date_gmt":"2024-06-03T14:37:27","guid":{"rendered":"https:\/\/agronoticias.es\/de\/?p=2286"},"modified":"2024-06-03T16:37:27","modified_gmt":"2024-06-03T14:37:27","slug":"aldi-sud-startet-mit-erster-eigener-erdbeersorte","status":"publish","type":"post","link":"https:\/\/agronoticias.es\/de\/aldi-sud-startet-mit-erster-eigener-erdbeersorte\/","title":{"rendered":"ALDI S\u00dcD startet mit erster eigener Erdbeersorte"},"content":{"rendered":"\n<p> <\/p>\n\n\n\n<p>Mit \u201eALDIna\u201c hat ALDI S\u00dcD nun w\u00e4hrend der Saison eine Erdbeersorte aus Deutschland im Sortiment, die es nur beim Erfinder des Discounts gibt. \u201eALDIna\u201c darf sogar l\u00e4nger als ihre Verwandten wachsen und begeistert dadurch mit ihrer S\u00fc\u00dfe und ihrem intensiven Geschmack. Daf\u00fcr gibt ALDI S\u00dcD sogar ein Geschmacksversprechen.<\/p>\n\n\n\n<p>Auf ALDIamo folgt ALDIna<\/p>\n\n\n\n<p>Nach dem erfolgreichen Launch der exklusiven ALDI S\u00dcD Apfelsorte \u201eALDIamo\u201c aus dem Alten Land im vergangenen Oktober, startet der Discounter jetzt mit einer eigenen Erdbeersorte. \u201eALDIna\u201c ist leuchtend rot, fest und besonders s\u00fc\u00df &#8211; und schmeckt immer. In Kooperation mit dem langj\u00e4hrigen Partner Frutania wird \u201eALDIna\u201c ausschlie\u00dflich auf deutschen Feldern angebaut, zum Beispiel auf dem Hof von Familie Schmitt in K\u00f6nigswinter: \u201eWir freuen uns, Teil dieses besonderen Projekts zu sein und hoffen, dass die Erdbeere die ALDI S\u00dcD Kund:innen geschmacklich genau so \u00fcberzeugt wie uns\u201c, erkl\u00e4rt Landwirt Markus Schmitt.<\/p>\n\n\n\n<p>Innovation im Obstregal<\/p>\n\n\n\n<p>\u201eMit ALDIna erreichen wir ein weiteres Zwischenziel im Rahmen unserer Mission Gutes f\u00fcr alle. Auf der einen Seite wird die Erdbeere in Deutschland angebaut. Wir st\u00e4rken also die heimische Landwirtschaft. Auf der anderen Seite ist das Projekt langfristig angelegt, so dass unsere Partner:innen Planungssicherheit haben. Dar\u00fcber hinaus schmeckt ALDIna einfach richtig gut und davon haben alle etwas\u00bb, erkl\u00e4rt Erik D\u00f6bele, Managing Director National Buying und Customer Interaction von ALDI S\u00dcD. Mehr zur Entstehung der ALDI S\u00dcD Erdbeere gibt es im Video.<\/p>\n\n\n\n<p>ALDI S\u00dcD SETZT AUF HEIMISCHES OBST UND GEM\u00dcSE<\/p>\n\n\n\n<p>Zur deutschen Saison von Spargel und Erdbeeren setzt ALDI S\u00dcD auf heimischen und regionalen Anbau. Wei\u00dfen, violetten und gr\u00fcnen Spargel sowie Erdbeeren gibt es w\u00e4hrend der deutschen Saison aus heimischer Ernte.&nbsp; Quelle und Foto: Aldi S\u00fcd<\/p>\n","protected":false},"excerpt":{"rendered":"<p>Mit \u201eALDIna\u201c hat ALDI S\u00dcD nun w\u00e4hrend der Saison eine Erdbeersorte aus Deutschland im Sortiment, die es nur<\/p>\n","protected":false},"author":1,"featured_media":2287,"comment_status":"closed","ping_status":"closed","sticky":false,"template":"","format":"standard","meta":{"footnotes":""},"categories":[34],"tags":[],"class_list":["post-2286","post","type-post","status-publish","format-standard","has-post-thumbnail","hentry","category-allgemein"],"featured_image_urls":{"full":["https:\/\/agronoticias.es\/de\/wp-content\/uploads\/2024\/06\/Aldi-Sud-eigene-Erdbeersorte.jpg",580,400,false],"thumbnail":["https:\/\/agronoticias.es\/de\/wp-content\/uploads\/2024\/06\/Aldi-Sud-eigene-Erdbeersorte-150x150.jpg",150,150,true],"medium":["https:\/\/agronoticias.es\/de\/wp-content\/uploads\/2024\/06\/Aldi-Sud-eigene-Erdbeersorte-300x207.jpg",300,207,true],"medium_large":["https:\/\/agronoticias.es\/de\/wp-content\/uploads\/2024\/06\/Aldi-Sud-eigene-Erdbeersorte.jpg",580,400,false],"large":["https:\/\/agronoticias.es\/de\/wp-content\/uploads\/2024\/06\/Aldi-Sud-eigene-Erdbeersorte.jpg",580,400,false],"1536x1536":["https:\/\/agronoticias.es\/de\/wp-content\/uploads\/2024\/06\/Aldi-Sud-eigene-Erdbeersorte.jpg",580,400,false],"2048x2048":["https:\/\/agronoticias.es\/de\/wp-content\/uploads\/2024\/06\/Aldi-Sud-eigene-Erdbeersorte.jpg",580,400,false],"morenews-large":["https:\/\/agronoticias.es\/de\/wp-content\/uploads\/2024\/06\/Aldi-Sud-eigene-Erdbeersorte.jpg",580,400,false],"morenews-medium":["https:\/\/agronoticias.es\/de\/wp-content\/uploads\/2024\/06\/Aldi-Sud-eigene-Erdbeersorte.jpg",580,400,false]},"author_info":{"display_name":"admin","author_link":"https:\/\/agronoticias.es\/de\/author\/admin\/"},"category_info":"<a href=\"https:\/\/agronoticias.es\/de\/category\/allgemein\/\" rel=\"category tag\">Allgemein<\/a>","tag_info":"Allgemein","comment_count":"0","_links":{"self":[{"href":"https:\/\/agronoticias.es\/de\/wp-json\/wp\/v2\/posts\/2286","targetHints":{"allow":["GET"]}}],"collection":[{"href":"https:\/\/agronoticias.es\/de\/wp-json\/wp\/v2\/posts"}],"about":[{"href":"https:\/\/agronoticias.es\/de\/wp-json\/wp\/v2\/types\/post"}],"author":[{"embeddable":true,"href":"https:\/\/agronoticias.es\/de\/wp-json\/wp\/v2\/users\/1"}],"replies":[{"embeddable":true,"href":"https:\/\/agronoticias.es\/de\/wp-json\/wp\/v2\/comments?post=2286"}],"version-history":[{"count":1,"href":"https:\/\/agronoticias.es\/de\/wp-json\/wp\/v2\/posts\/2286\/revisions"}],"predecessor-version":[{"id":2288,"href":"https:\/\/agronoticias.es\/de\/wp-json\/wp\/v2\/posts\/2286\/revisions\/2288"}],"wp:featuredmedia":[{"embeddable":true,"href":"https:\/\/agronoticias.es\/de\/wp-json\/wp\/v2\/media\/2287"}],"wp:attachment":[{"href":"https:\/\/agronoticias.es\/de\/wp-json\/wp\/v2\/media?parent=2286"}],"wp:term":[{"taxonomy":"category","embeddable":true,"href":"https:\/\/agronoticias.es\/de\/wp-json\/wp\/v2\/categories?post=2286"},{"taxonomy":"post_tag","embeddable":true,"href":"https:\/\/agronoticias.es\/de\/wp-json\/wp\/v2\/tags?post=2286"}],"curies":[{"name":"wp","href":"https:\/\/api.w.org\/{rel}","templated":true}]}}