{"id":2283,"date":"2024-06-03T11:45:41","date_gmt":"2024-06-03T09:45:41","guid":{"rendered":"https:\/\/agronoticias.es\/de\/?p=2283"},"modified":"2024-06-03T11:45:42","modified_gmt":"2024-06-03T09:45:42","slug":"hde-konsumbarometer-im-juni-erneute-verbesserung-der-konsumstimmung","status":"publish","type":"post","link":"https:\/\/agronoticias.es\/de\/hde-konsumbarometer-im-juni-erneute-verbesserung-der-konsumstimmung\/","title":{"rendered":"HDE-Konsumbarometer im Juni: Erneute Verbesserung der Konsumstimmung"},"content":{"rendered":"\n<p> <\/p>\n\n\n\n<p> <\/p>\n\n\n\n<p>Wie das aktuelle Konsumbarometer des Handelsverbandes Deutschland (HDE) zeigt, rei\u00dft der monatelange Aufw\u00e4rtstrend der Verbraucherstimmung auch im Juni nicht ab. Der Index steigt bereits zum f\u00fcnften Mal in Folge und klettert damit auf den h\u00f6chsten Stand seit August 2021. Dass es mit der Konsumstimmung bergauf geht, deutet auf eine mittelfristige Erholung des privaten Konsums hin.<\/p>\n\n\n\n<p>In den kommenden Wochen planen die Verbraucherinnen und Verbraucher mit Blick auf ihre Ausgaben eine Verschiebung vom Sparen hin zum Konsum. Ihre Anschaffungsneigung steigt im Vergleich zum Vormonat, w\u00e4hrend keine Ausweitung der Sparanstrengungen geplant ist. Diese Entwicklung kann die Grundlage f\u00fcr eine m\u00f6gliche Erholung des privaten Konsums im weiteren Jahresverlauf sein. Im ersten Quartal schw\u00e4chelte der private Konsum noch angesichts einer hohen Sparquote.<\/p>\n\n\n\n<p>Von zunehmendem Optimismus ist auch die Einsch\u00e4tzung der konjunkturellen Entwicklung gepr\u00e4gt. Die Konjunkturerwartungen der Verbraucherinnen und Verbraucher steigen im Vergleich zum Vormonat und erreichen den h\u00f6chsten Stand seit Anfang 2022. Bei den Einkommenserwartungen der Verbraucher ist ebenfalls ein Anstieg zu beobachten, allerdings nur ein geringer. Sie scheinen somit nicht damit zu rechnen, dass die gesamtwirtschaftliche Entwicklung in gleichem Ma\u00dfe ihre eigene Einkommenssituation verbessert.<\/p>\n\n\n\n<p>Das HDE-Konsumbarometer verzeichnet im Juni einen \u00e4hnlich deutlichen Zuwachs wie schon im Vormonat und legt damit den f\u00fcnften Monat in Folge zu. Dass der positive Trend bei der Verbraucherstimmung in Deutschland inzwischen seit einigen Monaten anh\u00e4lt, macht Hoffnung auf eine Erholung des privaten Konsums und schlie\u00dflich der gesamtwirtschaftlichen Lage. Im ersten Halbjahr 2024 ist allerdings nur von einer verhaltenen konjunkturellen Verbesserung auszugehen.<\/p>\n\n\n\n<p>Das jeweils am ersten Montag eines Monats erscheinende HDE-Konsumbarometer basiert auf einer monatlichen Umfrage unter 1.600 Personen zur Anschaffungsneigung, Sparneigung, finanziellen Situation und zu anderen konsumrelevanten Faktoren. Das Konsumbarometer, das vom Handelsblatt Research Institute (HRI) im Auftrag des HDE erstellt wird, hat eine Indikatorfunktion f\u00fcr den privaten Konsum. Es bildet nicht das aktuelle Verbraucherverhalten ab, sondern die erwartete Stimmung in den kommenden drei Monaten. Quelle und Foto: HDE<\/p>\n","protected":false},"excerpt":{"rendered":"<p>Wie das aktuelle Konsumbarometer des Handelsverbandes Deutschland (HDE) zeigt, rei\u00dft der monatelange Aufw\u00e4rtstrend der Verbraucherstimmung auch im Juni<\/p>\n","protected":false},"author":1,"featured_media":2284,"comment_status":"closed","ping_status":"closed","sticky":false,"template":"","format":"standard","meta":{"footnotes":""},"categories":[34],"tags":[],"class_list":["post-2283","post","type-post","status-publish","format-standard","has-post-thumbnail","hentry","category-allgemein"],"featured_image_urls":{"full":["https:\/\/agronoticias.es\/de\/wp-content\/uploads\/2024\/06\/HDE-Konjunkturbarometer.jpg",887,600,false],"thumbnail":["https:\/\/agronoticias.es\/de\/wp-content\/uploads\/2024\/06\/HDE-Konjunkturbarometer-150x150.jpg",150,150,true],"medium":["https:\/\/agronoticias.es\/de\/wp-content\/uploads\/2024\/06\/HDE-Konjunkturbarometer-300x203.jpg",300,203,true],"medium_large":["https:\/\/agronoticias.es\/de\/wp-content\/uploads\/2024\/06\/HDE-Konjunkturbarometer-768x520.jpg",640,433,true],"large":["https:\/\/agronoticias.es\/de\/wp-content\/uploads\/2024\/06\/HDE-Konjunkturbarometer.jpg",640,433,false],"1536x1536":["https:\/\/agronoticias.es\/de\/wp-content\/uploads\/2024\/06\/HDE-Konjunkturbarometer.jpg",887,600,false],"2048x2048":["https:\/\/agronoticias.es\/de\/wp-content\/uploads\/2024\/06\/HDE-Konjunkturbarometer.jpg",887,600,false],"morenews-large":["https:\/\/agronoticias.es\/de\/wp-content\/uploads\/2024\/06\/HDE-Konjunkturbarometer-825x575.jpg",825,575,true],"morenews-medium":["https:\/\/agronoticias.es\/de\/wp-content\/uploads\/2024\/06\/HDE-Konjunkturbarometer-590x410.jpg",590,410,true]},"author_info":{"display_name":"admin","author_link":"https:\/\/agronoticias.es\/de\/author\/admin\/"},"category_info":"<a href=\"https:\/\/agronoticias.es\/de\/category\/allgemein\/\" rel=\"category tag\">Allgemein<\/a>","tag_info":"Allgemein","comment_count":"0","_links":{"self":[{"href":"https:\/\/agronoticias.es\/de\/wp-json\/wp\/v2\/posts\/2283","targetHints":{"allow":["GET"]}}],"collection":[{"href":"https:\/\/agronoticias.es\/de\/wp-json\/wp\/v2\/posts"}],"about":[{"href":"https:\/\/agronoticias.es\/de\/wp-json\/wp\/v2\/types\/post"}],"author":[{"embeddable":true,"href":"https:\/\/agronoticias.es\/de\/wp-json\/wp\/v2\/users\/1"}],"replies":[{"embeddable":true,"href":"https:\/\/agronoticias.es\/de\/wp-json\/wp\/v2\/comments?post=2283"}],"version-history":[{"count":1,"href":"https:\/\/agronoticias.es\/de\/wp-json\/wp\/v2\/posts\/2283\/revisions"}],"predecessor-version":[{"id":2285,"href":"https:\/\/agronoticias.es\/de\/wp-json\/wp\/v2\/posts\/2283\/revisions\/2285"}],"wp:featuredmedia":[{"embeddable":true,"href":"https:\/\/agronoticias.es\/de\/wp-json\/wp\/v2\/media\/2284"}],"wp:attachment":[{"href":"https:\/\/agronoticias.es\/de\/wp-json\/wp\/v2\/media?parent=2283"}],"wp:term":[{"taxonomy":"category","embeddable":true,"href":"https:\/\/agronoticias.es\/de\/wp-json\/wp\/v2\/categories?post=2283"},{"taxonomy":"post_tag","embeddable":true,"href":"https:\/\/agronoticias.es\/de\/wp-json\/wp\/v2\/tags?post=2283"}],"curies":[{"name":"wp","href":"https:\/\/api.w.org\/{rel}","templated":true}]}}