{"id":2265,"date":"2024-05-28T09:35:01","date_gmt":"2024-05-28T07:35:01","guid":{"rendered":"https:\/\/agronoticias.es\/de\/?p=2265"},"modified":"2024-05-28T09:35:02","modified_gmt":"2024-05-28T07:35:02","slug":"valencia-fehlender-regen-wird-mandelernte-um-9-reduzieren","status":"publish","type":"post","link":"https:\/\/agronoticias.es\/de\/valencia-fehlender-regen-wird-mandelernte-um-9-reduzieren\/","title":{"rendered":"Valencia \u2013 Fehlender Regen wird Mandelernte um 9 % reduzieren"},"content":{"rendered":"\n<p>Nach Information der valencianischen Agrarvereinigung La Uni\u00f3 wird die diesj\u00e4hrige Mandelernte kleiner ausfallen als in 2023. Nach einer ersten Sch\u00e4tzung in den verschiedenen Anbaugebieten geht man von einer Produktion von etwas mehr als 4.000 t Mandelkerne aus. Das ist ein R\u00fcckgang von 9 % gegen\u00fcber der vergangenen Saison, die bereits eine der niedrigsten des Jahrhunderts war. Mit dieser neuen Ernte werden erneut Rekorde gebrochen, denn sie bedeutet einen R\u00fcckgang von 35 % gegen\u00fcber dem Durchschnitt des Zeitraums 2000\/2022. Trotz dieses R\u00fcckgangs ist die Qualit\u00e4t sehr gut, besser als in der letzten Saison.<\/p>\n\n\n\n<p>In den einzelnen Provinzen k\u00f6nnen die Prognosen leicht variieren. In den Anbaugebieten von Alicante w\u00fcrde die Produktion aufgrund der gr\u00f6\u00dferen Konzentration bew\u00e4sserter Fincas bei etwa 1.500 t liegen (+18 %), in Valencia bei 1.600 t (-5 %) und in Castell\u00f3n, dem am st\u00e4rksten von der Trockenheit betroffenen Gebiet, etwas \u00fcber 1.000 t (-35 %). Die Ursachen f\u00fcr diesen Produktionsr\u00fcckgang liegen vor allem in den fehlenden Niederschl\u00e4gen der letzten Monate, insbesondere im Winter und Fr\u00fchjahr.<\/p>\n\n\n\n<p> Die Agrarorganisation wird dem valencianischen Landwirtschaftsministerium eine Reihe von Ma\u00dfnahmen vorschlagen, um die gravierenden Auswirkungen der klimatischen Situation zu minimieren. Sie schl\u00e4gt u.a. einen Etat f\u00fcr Neupflanzung von B\u00e4umen vor, die infolge der D\u00fcrre abgestorben sind, die \u00dcberpr\u00fcfung und Aktualisierung der Niederschlagsdaten, damit mehr Anbaugebiete Zutritt zu der gekoppelten Beihilfe aus der GAP f\u00fcr Schalenfr\u00fcchte bekommen, sowie Mindestwasserzuteilungen, um die Mandelb\u00e4ume zu retten, die sich in einer fast t\u00f6dlichen Phase befinden. Quelle\/Foto: La Uni\u00f3<\/p>\n","protected":false},"excerpt":{"rendered":"<p>Nach Information der valencianischen Agrarvereinigung La Uni\u00f3 wird die diesj\u00e4hrige Mandelernte kleiner ausfallen als in 2023. Nach einer<\/p>\n","protected":false},"author":1,"featured_media":2266,"comment_status":"closed","ping_status":"closed","sticky":false,"template":"","format":"standard","meta":{"footnotes":""},"categories":[34],"tags":[],"class_list":["post-2265","post","type-post","status-publish","format-standard","has-post-thumbnail","hentry","category-allgemein"],"featured_image_urls":{"full":["https:\/\/agronoticias.es\/de\/wp-content\/uploads\/2024\/05\/La-Unio-almendras.jpg",1920,1080,false],"thumbnail":["https:\/\/agronoticias.es\/de\/wp-content\/uploads\/2024\/05\/La-Unio-almendras-150x150.jpg",150,150,true],"medium":["https:\/\/agronoticias.es\/de\/wp-content\/uploads\/2024\/05\/La-Unio-almendras-300x169.jpg",300,169,true],"medium_large":["https:\/\/agronoticias.es\/de\/wp-content\/uploads\/2024\/05\/La-Unio-almendras-768x432.jpg",640,360,true],"large":["https:\/\/agronoticias.es\/de\/wp-content\/uploads\/2024\/05\/La-Unio-almendras-1024x576.jpg",640,360,true],"1536x1536":["https:\/\/agronoticias.es\/de\/wp-content\/uploads\/2024\/05\/La-Unio-almendras-1536x864.jpg",1536,864,true],"2048x2048":["https:\/\/agronoticias.es\/de\/wp-content\/uploads\/2024\/05\/La-Unio-almendras.jpg",1920,1080,false],"morenews-large":["https:\/\/agronoticias.es\/de\/wp-content\/uploads\/2024\/05\/La-Unio-almendras-825x575.jpg",825,575,true],"morenews-medium":["https:\/\/agronoticias.es\/de\/wp-content\/uploads\/2024\/05\/La-Unio-almendras-590x410.jpg",590,410,true]},"author_info":{"display_name":"admin","author_link":"https:\/\/agronoticias.es\/de\/author\/admin\/"},"category_info":"<a href=\"https:\/\/agronoticias.es\/de\/category\/allgemein\/\" rel=\"category tag\">Allgemein<\/a>","tag_info":"Allgemein","comment_count":"0","_links":{"self":[{"href":"https:\/\/agronoticias.es\/de\/wp-json\/wp\/v2\/posts\/2265","targetHints":{"allow":["GET"]}}],"collection":[{"href":"https:\/\/agronoticias.es\/de\/wp-json\/wp\/v2\/posts"}],"about":[{"href":"https:\/\/agronoticias.es\/de\/wp-json\/wp\/v2\/types\/post"}],"author":[{"embeddable":true,"href":"https:\/\/agronoticias.es\/de\/wp-json\/wp\/v2\/users\/1"}],"replies":[{"embeddable":true,"href":"https:\/\/agronoticias.es\/de\/wp-json\/wp\/v2\/comments?post=2265"}],"version-history":[{"count":1,"href":"https:\/\/agronoticias.es\/de\/wp-json\/wp\/v2\/posts\/2265\/revisions"}],"predecessor-version":[{"id":2267,"href":"https:\/\/agronoticias.es\/de\/wp-json\/wp\/v2\/posts\/2265\/revisions\/2267"}],"wp:featuredmedia":[{"embeddable":true,"href":"https:\/\/agronoticias.es\/de\/wp-json\/wp\/v2\/media\/2266"}],"wp:attachment":[{"href":"https:\/\/agronoticias.es\/de\/wp-json\/wp\/v2\/media?parent=2265"}],"wp:term":[{"taxonomy":"category","embeddable":true,"href":"https:\/\/agronoticias.es\/de\/wp-json\/wp\/v2\/categories?post=2265"},{"taxonomy":"post_tag","embeddable":true,"href":"https:\/\/agronoticias.es\/de\/wp-json\/wp\/v2\/tags?post=2265"}],"curies":[{"name":"wp","href":"https:\/\/api.w.org\/{rel}","templated":true}]}}