{"id":2262,"date":"2024-05-27T10:59:22","date_gmt":"2024-05-27T08:59:22","guid":{"rendered":"https:\/\/agronoticias.es\/de\/?p=2262"},"modified":"2024-05-27T10:59:23","modified_gmt":"2024-05-27T08:59:23","slug":"coop-inspiriert-zu-hunderttausenden-guten-taten","status":"publish","type":"post","link":"https:\/\/agronoticias.es\/de\/coop-inspiriert-zu-hunderttausenden-guten-taten\/","title":{"rendered":"Coop inspiriert zu hunderttausenden guten Taten"},"content":{"rendered":"\n<p> <\/p>\n\n\n\n<p>Familien, Einzelpersonen, Vereine, Organisationen, Partner und Coop-Mitarbeitende haben am 25. Mai 2024 hunderttausende gute Taten vollbracht und damit einen positiven Beitrag f\u00fcr die Gesellschaft und die Umwelt geleistet. Dank der neu angelegten Spendenaktion mit der Schweizer Tafel sind insgesamt rund 30 000 Pakete mit Lebensmitteln und Hygieneprodukten an armutsbetroffene Menschen in der Schweiz gespendet worden. Coop f\u00f6rdert mit dem \u00abTag der guten Tat\u00bb das gemeinn\u00fctzige Engagement und \u00fcbernimmt als Genossenschaft gesellschaftliche Verantwortung. Der sechste \u00abTag der guten Tat\u00bb findet am 24. Mai 2025 statt.<\/p>\n\n\n\n<p>Ob Blumen schenken, ein Kompliment machen oder Abfall einsammeln \u2013 am \u00abTag der guten Tat\u00bb z\u00e4hlt jede einzelne gute Tat. Am vergangenen Samstag hat Coop die Schweizer Bev\u00f6lkerung unter dem Motto \u00abGemeinsam Gutes tun\u00bb zu guten Taten f\u00fcr Gesellschaft und Umwelt aufgerufen. Mit Eins\u00e4tzen von rund 700 Vereinen, diversen \u00dcberraschungen in den Coop-Verkaufsstellen und zahlreichen Mitmach-Aktionen der Hauptpartner wurde schweizweit eine positive Bewegung und ein Gef\u00fchl von Solidarit\u00e4t ausgel\u00f6st.<\/p>\n\n\n\n<p>Erfolgreiche Spendenaktion mit der Schweizer Tafel<\/p>\n\n\n\n<p>Neu hatten Kund:innen die M\u00f6glichkeit, bei Coop ein Spendenpaket zu kaufen und so selber eine gute Tat umzusetzen. Insgesamt wurden rund 30 000 Spendenpakete in den Verkaufsstellen sowie online \u00fcber Coop.ch gespendet. Diese Spenden kommen in Zusammenarbeit mit der Schweizer Tafel mehr als 500 sozialen Institutionen zugute, darunter Lebensmittelausgabestellen, Obdachlosenheime und andere Hilfswerke. Die Pakete wurden im Vorfeld von der Stiftung Br\u00e4ndi gepackt. Philipp Wyss, Vorsitzender der Gesch\u00e4ftsleitung von Coop, beteiligte sich ebenfalls und sagt: \u00abDiese Spendenpakete sind eine grossartige Erg\u00e4nzung zu den Frischeprodukten, die wir t\u00e4glich der Schweizer Tafel spenden. Wir sind mit den Ergebnissen der Aktion sehr zufrieden.\u00bb<\/p>\n\n\n\n<p>Tatkr\u00e4ftiger Einsatz an Mitmach-Aktionen der Hauptpartner<\/p>\n\n\n\n<p>In der gesamten Schweiz haben sich Freiwillige tatkr\u00e4ftig an den zahlreichen Mitmach-Aktionen der Hauptpartner des \u00abTag der guten Tat\u00bb beteiligt. Der WWF Schweiz bot beispielsweise Clean-Up-Eins\u00e4tze sowie Kochworkshops zum Thema Klimaschutz an. An verschiedenen Coop-Standorten fanden Erste-Hilfe-Kurse des Schweizerischen Roten Kreuzes statt. Freiwillige halfen der Schweizer Tafel beim Sortieren von Lebensmitteln und erweiterten dabei ihr Wissen \u00fcber Armut und Food Waste. Zum Schutz der Biodiversit\u00e4t wurden mit den Mitgliederorganisationen von BirdLife Schweiz Naturexpeditionen unternommen, Nisthilfen f\u00fcr V\u00f6gel gebaut sowie Lebensr\u00e4ume aufgewertet und gepflegt. Und Pro Infirmis f\u00fchrte Interessierte auf inklusiven Stadtrundg\u00e4ngen durch Schweizer St\u00e4dte, um Zug\u00e4nglichkeitsdaten zu \u00fcberpr\u00fcfen und diese in neuem Licht zu entdecken.<\/p>\n\n\n\n<p>Grosses Engagement der Vereine und Coop-Mitarbeitenden<\/p>\n\n\n\n<p>Rund 700 Vereine haben sich Coop am diesj\u00e4hrigen \u00abTag der guten Tat\u00bb angeschlossen, indem sie beispielsweise in den Coop-Verkaufsstellen Schokolade und selbstgebackenen Kuchen verteilt oder Fahrr\u00e4der geputzt und aufgepumpt haben. An mehr als 2 000 Coop-Standorten \u00fcberraschten Mitarbeitende die Kund:innen mit Aufmerksamkeiten und freundlichen Gesten, wie dem Einpacken der Eink\u00e4ufe oder einem offerierten Kaffee. Auch die Mitarbeitenden der Coop-Verwaltung haben sich an Mitmach-Aktionen der Hauptpartner beteiligt oder eigene Aktionen durchgef\u00fchrt, wie Unkraut j\u00e4ten oder Mithilfe auf Bauernh\u00f6fen. Quelle und Foto: Coop<\/p>\n","protected":false},"excerpt":{"rendered":"<p>Familien, Einzelpersonen, Vereine, Organisationen, Partner und Coop-Mitarbeitende haben am 25. Mai 2024 hunderttausende gute Taten vollbracht und damit<\/p>\n","protected":false},"author":1,"featured_media":2263,"comment_status":"closed","ping_status":"closed","sticky":false,"template":"","format":"standard","meta":{"footnotes":""},"categories":[34],"tags":[],"class_list":["post-2262","post","type-post","status-publish","format-standard","has-post-thumbnail","hentry","category-allgemein"],"featured_image_urls":{"full":["https:\/\/agronoticias.es\/de\/wp-content\/uploads\/2024\/05\/Coop-Tag-der-guten-Tat.jpg",740,375,false],"thumbnail":["https:\/\/agronoticias.es\/de\/wp-content\/uploads\/2024\/05\/Coop-Tag-der-guten-Tat-150x150.jpg",150,150,true],"medium":["https:\/\/agronoticias.es\/de\/wp-content\/uploads\/2024\/05\/Coop-Tag-der-guten-Tat-300x152.jpg",300,152,true],"medium_large":["https:\/\/agronoticias.es\/de\/wp-content\/uploads\/2024\/05\/Coop-Tag-der-guten-Tat.jpg",640,324,false],"large":["https:\/\/agronoticias.es\/de\/wp-content\/uploads\/2024\/05\/Coop-Tag-der-guten-Tat.jpg",640,324,false],"1536x1536":["https:\/\/agronoticias.es\/de\/wp-content\/uploads\/2024\/05\/Coop-Tag-der-guten-Tat.jpg",740,375,false],"2048x2048":["https:\/\/agronoticias.es\/de\/wp-content\/uploads\/2024\/05\/Coop-Tag-der-guten-Tat.jpg",740,375,false],"morenews-large":["https:\/\/agronoticias.es\/de\/wp-content\/uploads\/2024\/05\/Coop-Tag-der-guten-Tat.jpg",740,375,false],"morenews-medium":["https:\/\/agronoticias.es\/de\/wp-content\/uploads\/2024\/05\/Coop-Tag-der-guten-Tat-590x375.jpg",590,375,true]},"author_info":{"display_name":"admin","author_link":"https:\/\/agronoticias.es\/de\/author\/admin\/"},"category_info":"<a href=\"https:\/\/agronoticias.es\/de\/category\/allgemein\/\" rel=\"category tag\">Allgemein<\/a>","tag_info":"Allgemein","comment_count":"0","_links":{"self":[{"href":"https:\/\/agronoticias.es\/de\/wp-json\/wp\/v2\/posts\/2262","targetHints":{"allow":["GET"]}}],"collection":[{"href":"https:\/\/agronoticias.es\/de\/wp-json\/wp\/v2\/posts"}],"about":[{"href":"https:\/\/agronoticias.es\/de\/wp-json\/wp\/v2\/types\/post"}],"author":[{"embeddable":true,"href":"https:\/\/agronoticias.es\/de\/wp-json\/wp\/v2\/users\/1"}],"replies":[{"embeddable":true,"href":"https:\/\/agronoticias.es\/de\/wp-json\/wp\/v2\/comments?post=2262"}],"version-history":[{"count":1,"href":"https:\/\/agronoticias.es\/de\/wp-json\/wp\/v2\/posts\/2262\/revisions"}],"predecessor-version":[{"id":2264,"href":"https:\/\/agronoticias.es\/de\/wp-json\/wp\/v2\/posts\/2262\/revisions\/2264"}],"wp:featuredmedia":[{"embeddable":true,"href":"https:\/\/agronoticias.es\/de\/wp-json\/wp\/v2\/media\/2263"}],"wp:attachment":[{"href":"https:\/\/agronoticias.es\/de\/wp-json\/wp\/v2\/media?parent=2262"}],"wp:term":[{"taxonomy":"category","embeddable":true,"href":"https:\/\/agronoticias.es\/de\/wp-json\/wp\/v2\/categories?post=2262"},{"taxonomy":"post_tag","embeddable":true,"href":"https:\/\/agronoticias.es\/de\/wp-json\/wp\/v2\/tags?post=2262"}],"curies":[{"name":"wp","href":"https:\/\/api.w.org\/{rel}","templated":true}]}}