{"id":2256,"date":"2024-05-22T12:54:43","date_gmt":"2024-05-22T10:54:43","guid":{"rendered":"https:\/\/agronoticias.es\/de\/?p=2256"},"modified":"2024-05-22T12:54:44","modified_gmt":"2024-05-22T10:54:44","slug":"murcia-mit-optimismus-in-die-neue-melonen-und-wassermelonenkampagne","status":"publish","type":"post","link":"https:\/\/agronoticias.es\/de\/murcia-mit-optimismus-in-die-neue-melonen-und-wassermelonenkampagne\/","title":{"rendered":"Murcia \u2013 mit Optimismus in die neue Melonen- und Wassermelonenkampagne"},"content":{"rendered":"\n<p>Die Saison 2024 der murcianischen Melonen- und Wassermelonenproduktion sieht vielversprechend aus. \u201eDie Kulturen entwickeln sich sehr gut, mit au\u00dfergew\u00f6hnlicher Qualit\u00e4t und einem sehr guten Gesundheitszustand. Wir erwarten eine normale Entwicklung, ohne \u00dcberraschungen, die es erm\u00f6glichen wird, die gewohnten Mengen wieder zu erreichen, im Gegensatz zur letzten Saison, wo sp\u00e4te Niederschl\u00e4ge und Hagel die Produktion stark reduziert haben\u201c, erkl\u00e4rte Jos\u00e9 C\u00e1novas, Pr\u00e4sident Sektor Melonen und Wassermelonen von Proexport.<\/p>\n\n\n\n<p>Die diesj\u00e4hrige Anbaufl\u00e4che f\u00e4llt mit 3.000 ha Melonen (ca. + 2%) und 2.400 ha Wassermelonen (+4%) etwa gleich gro\u00df aus wie in 2023. J.Canovas dazu: \u201eDie Steigerungen sind nicht signifikant, wichtig ist, dass die \u00fcblichen Produktionsertr\u00e4ge wieder erreicht werden und ein wohlschmeckendes Produkt angeboten werden kann, das den Erwartungen der nationalen und europ\u00e4ischen Verbraucher entspricht\u201c.<\/p>\n\n\n\n<p>Die Kulturen entwickeln sich mit einem leichten Vorsprung, so dass die Branche davon ausgeht, bei Melonen Anfang Juni, bei Wassermelonen etwas fr\u00fcher, gr\u00f6\u00dfere Mengen ernten zu k\u00f6nnen.<\/p>\n\n\n\n<p><a><\/a> Proexport hofft, bei Melonen mit all ihren verschiedenen Typen die Menge von 110.000 t zu erreichen: Piel de Sapo, Galia, Honigmelonen etc. Bei Wassermelonen rechnet man mit 170.000 t: schwarzschalige, gestreifte, kernarme etc. \u201eWir erwarten eine gute Kampagne, vorausgesetzt, das Wetter spielt mit, und schauen mit einem Auge auf den Himmel und dem anderen auf die Kulturen. Wir ben\u00f6tigen gutes Wetter und m\u00fcssen die verschiedenen Sch\u00e4dlinge kontrollieren, besonders Blattl\u00e4use und die wei\u00dfe Fliege, die Sch\u00e4den verursachen k\u00f6nnen\u201c, hie\u00df es von Seiten des Verbandes.<\/p>\n\n\n\n<p>Der Saisonbeginn ist durch stabiles Wetter gekennzeichnet, mit etwas Regen im April und einem Anstieg der Temperaturen in den letzten Wochen, was zu einer korrekten Entwicklung des Fruchtansatzes und der Anzahl der Fr\u00fcchte bei den fr\u00fchen Melonen gef\u00fchrt hat. Die restlichen Melonenkulturen entwickeln sich normal.<\/p>\n\n\n\n<p>Die fr\u00fchen Wassermelonen ab Mitte April haben auf dem nationalen Markt gut funktioniert. Sie hatten keine Konkurrenz und wurden mit Interesse aufgenommen.<\/p>\n\n\n\n<p>Murcia exportierte in 2023 ein Volumen von 158.614 t Melonen (- 6 %) im Wert von 148 Mio Euro (+3%). Bei Wassermelonen waren es 125.114 t (-3,6%) mit einem Umsatz von 93 Mio Euro (+12,6%). Quelle und Foto: Proexport<\/p>\n","protected":false},"excerpt":{"rendered":"<p>Die Saison 2024 der murcianischen Melonen- und Wassermelonenproduktion sieht vielversprechend aus. \u201eDie Kulturen entwickeln sich sehr gut, mit<\/p>\n","protected":false},"author":1,"featured_media":2257,"comment_status":"closed","ping_status":"closed","sticky":false,"template":"","format":"standard","meta":{"footnotes":""},"categories":[34],"tags":[],"class_list":["post-2256","post","type-post","status-publish","format-standard","has-post-thumbnail","hentry","category-allgemein"],"featured_image_urls":{"full":["https:\/\/agronoticias.es\/de\/wp-content\/uploads\/2024\/05\/campo-melon-murcia-2.jpg",1000,664,false],"thumbnail":["https:\/\/agronoticias.es\/de\/wp-content\/uploads\/2024\/05\/campo-melon-murcia-2-150x150.jpg",150,150,true],"medium":["https:\/\/agronoticias.es\/de\/wp-content\/uploads\/2024\/05\/campo-melon-murcia-2-300x199.jpg",300,199,true],"medium_large":["https:\/\/agronoticias.es\/de\/wp-content\/uploads\/2024\/05\/campo-melon-murcia-2-768x510.jpg",640,425,true],"large":["https:\/\/agronoticias.es\/de\/wp-content\/uploads\/2024\/05\/campo-melon-murcia-2.jpg",640,425,false],"1536x1536":["https:\/\/agronoticias.es\/de\/wp-content\/uploads\/2024\/05\/campo-melon-murcia-2.jpg",1000,664,false],"2048x2048":["https:\/\/agronoticias.es\/de\/wp-content\/uploads\/2024\/05\/campo-melon-murcia-2.jpg",1000,664,false],"morenews-large":["https:\/\/agronoticias.es\/de\/wp-content\/uploads\/2024\/05\/campo-melon-murcia-2-825x575.jpg",825,575,true],"morenews-medium":["https:\/\/agronoticias.es\/de\/wp-content\/uploads\/2024\/05\/campo-melon-murcia-2-590x410.jpg",590,410,true]},"author_info":{"display_name":"admin","author_link":"https:\/\/agronoticias.es\/de\/author\/admin\/"},"category_info":"<a href=\"https:\/\/agronoticias.es\/de\/category\/allgemein\/\" rel=\"category tag\">Allgemein<\/a>","tag_info":"Allgemein","comment_count":"0","_links":{"self":[{"href":"https:\/\/agronoticias.es\/de\/wp-json\/wp\/v2\/posts\/2256","targetHints":{"allow":["GET"]}}],"collection":[{"href":"https:\/\/agronoticias.es\/de\/wp-json\/wp\/v2\/posts"}],"about":[{"href":"https:\/\/agronoticias.es\/de\/wp-json\/wp\/v2\/types\/post"}],"author":[{"embeddable":true,"href":"https:\/\/agronoticias.es\/de\/wp-json\/wp\/v2\/users\/1"}],"replies":[{"embeddable":true,"href":"https:\/\/agronoticias.es\/de\/wp-json\/wp\/v2\/comments?post=2256"}],"version-history":[{"count":1,"href":"https:\/\/agronoticias.es\/de\/wp-json\/wp\/v2\/posts\/2256\/revisions"}],"predecessor-version":[{"id":2258,"href":"https:\/\/agronoticias.es\/de\/wp-json\/wp\/v2\/posts\/2256\/revisions\/2258"}],"wp:featuredmedia":[{"embeddable":true,"href":"https:\/\/agronoticias.es\/de\/wp-json\/wp\/v2\/media\/2257"}],"wp:attachment":[{"href":"https:\/\/agronoticias.es\/de\/wp-json\/wp\/v2\/media?parent=2256"}],"wp:term":[{"taxonomy":"category","embeddable":true,"href":"https:\/\/agronoticias.es\/de\/wp-json\/wp\/v2\/categories?post=2256"},{"taxonomy":"post_tag","embeddable":true,"href":"https:\/\/agronoticias.es\/de\/wp-json\/wp\/v2\/tags?post=2256"}],"curies":[{"name":"wp","href":"https:\/\/api.w.org\/{rel}","templated":true}]}}