{"id":2248,"date":"2024-05-21T16:01:31","date_gmt":"2024-05-21T14:01:31","guid":{"rendered":"https:\/\/agronoticias.es\/de\/?p=2248"},"modified":"2024-05-21T16:02:06","modified_gmt":"2024-05-21T14:02:06","slug":"katalonien-nahert-sich-mit-384-840-tonnen-steinobst-seinem-produktionspotenzial","status":"publish","type":"post","link":"https:\/\/agronoticias.es\/de\/katalonien-nahert-sich-mit-384-840-tonnen-steinobst-seinem-produktionspotenzial\/","title":{"rendered":"Katalonien n\u00e4hert sich mit 384.840 Tonnen Steinobst seinem Produktionspotenzial"},"content":{"rendered":"\n<p>Nach den in KW 21\/24 von Afrucat, Verband der katalanischen Obstunternehmen, und DACC (Departament d&#8217;Acci\u00f3 Clim\u00e0tica, Alimentaci\u00f3 i Agenda Rural) vorgelegten Daten wird das katalanische Produktionspotenzial f\u00fcr Pfirsiche und Nektarinen im Vergleich zur letzten Saison voraussichtlich um 4 % sinken und 384.840 t betragen. Davon entfallen 362.360 t (-4%) auf L\u00e9rida, 20.080 t (-3%) auf Tarragona, 1.480 t (-13%) auf Barcelona und 920 t (-9%) auf Girona.<\/p>\n\n\n\n<p>Auffallend sind die Produktionsr\u00fcckg\u00e4nge in Barcelona und Girona von 13 % bzw. 9 %. Hauptgrund in beiden F\u00e4llen sind Rodungen, besonders in Girona, w\u00e4hrend sich in Barcelona die D\u00fcrreperioden der letzten Saison und ihre Fortsetzung in diesem Jahr auf die Produktionszahlen ausgewirkt haben. Viele Fincas in Barcelona liegen in Trockengebieten und h\u00e4ngen im Wesentlichen von den Niederschl\u00e4gen ab.<\/p>\n\n\n\n<p>Nach Jahren mit sehr niedriger Produktion (2020, 2021 und 2022) und Wetterproblemen (vor allem Frost, Hagel und gro\u00dfe Trockenheit) hat Katalonien im letzten Jahr sein Produktionspotenzial wieder erreicht, aber in diesem Jahr ist es aufgrund von Wasserstress der B\u00e4ume und der hohen Temperaturen wieder um 4 % gesunken.<\/p>\n\n\n\n<p>Benjam\u00ed Ibars, Pr\u00e4sident des Ausschusses f\u00fcr Steinobst von Afrucat, erkl\u00e4rte: \u201eWir befinden uns bereits in der Saison. Die Tatsache, dass Murcia in diesem Jahr sehr fr\u00fch angefangen hat w\u00e4hrend wir uns in dem normalen Saisonzeitraum befinden, bedeutet, dass es keine \u00dcberschneidungen gibt, der Markt fl\u00fcssig bleibt und das Obst verkauft wird. Man k\u00f6nnte sagen, dass ein normales Jahr wie dieses im Moment als au\u00dfergew\u00f6hnlich bezeichnet werden kann\u201c.<\/p>\n\n\n\n<p>Manel Simon, Generaldirektor von Afrucat sprach \u00fcber die Ungewissheit in Bezug auf den Pflanzenschutz: \u201eIm vergangenen Jahr gab es einen erheblichen Befall von Thripsen und Fruchtfliegen. Das hat die Ertr\u00e4ge vieler Fincas reduziert und \u2013 obwohl die Preise akzeptabel waren \u2013 schwerwiegende Auswirkungen auf die Gesch\u00e4ftsergebnisse der Betriebe.<\/p>\n\n\n\n<p>Angesichts der bevorstehenden Europawahlen m\u00f6chten wir Br\u00fcssel und insbesondere die Europ\u00e4ische Beh\u00f6rde f\u00fcr Lebensmittelsicherheit (EFSA) nachdr\u00fccklich auffordern, bei jeder Entscheidung \u00fcber die Abschaffung weiterer Pflanzenschutzmittel eine Folgenabsch\u00e4tzung vorzunehmen, um zu analysieren, ob es eine alternative Behandlung gibt oder ob das die Eliminierung einer oder mehrerer Kulturen in ganz Europa bedeuten k\u00f6nnte. In einer Zeit, in der die Ern\u00e4hrungssouver\u00e4nit\u00e4t so wichtig ist, k\u00f6nnen wir es uns nicht leisten, Kulturen aus Europa zu verlieren, weil wir sie nicht produzieren k\u00f6nnen. Desweiteren sollte man in die Suche nach alternativen Methoden des Pflanzenschutzes investieren\u201c.  Quelle und Foto: afrucat<\/p>\n","protected":false},"excerpt":{"rendered":"<p>Nach den in KW 21\/24 von Afrucat, Verband der katalanischen Obstunternehmen, und DACC (Departament d&#8217;Acci\u00f3 Clim\u00e0tica, Alimentaci\u00f3 i<\/p>\n","protected":false},"author":1,"featured_media":2249,"comment_status":"closed","ping_status":"closed","sticky":false,"template":"","format":"standard","meta":{"footnotes":""},"categories":[34],"tags":[],"class_list":["post-2248","post","type-post","status-publish","format-standard","has-post-thumbnail","hentry","category-allgemein"],"featured_image_urls":{"full":["https:\/\/agronoticias.es\/de\/wp-content\/uploads\/2024\/05\/Katalonien-Steinobst-2024.jpeg",2048,1536,false],"thumbnail":["https:\/\/agronoticias.es\/de\/wp-content\/uploads\/2024\/05\/Katalonien-Steinobst-2024-150x150.jpeg",150,150,true],"medium":["https:\/\/agronoticias.es\/de\/wp-content\/uploads\/2024\/05\/Katalonien-Steinobst-2024-300x225.jpeg",300,225,true],"medium_large":["https:\/\/agronoticias.es\/de\/wp-content\/uploads\/2024\/05\/Katalonien-Steinobst-2024-768x576.jpeg",640,480,true],"large":["https:\/\/agronoticias.es\/de\/wp-content\/uploads\/2024\/05\/Katalonien-Steinobst-2024-1024x768.jpeg",640,480,true],"1536x1536":["https:\/\/agronoticias.es\/de\/wp-content\/uploads\/2024\/05\/Katalonien-Steinobst-2024-1536x1152.jpeg",1536,1152,true],"2048x2048":["https:\/\/agronoticias.es\/de\/wp-content\/uploads\/2024\/05\/Katalonien-Steinobst-2024.jpeg",2048,1536,false],"morenews-large":["https:\/\/agronoticias.es\/de\/wp-content\/uploads\/2024\/05\/Katalonien-Steinobst-2024-825x575.jpeg",825,575,true],"morenews-medium":["https:\/\/agronoticias.es\/de\/wp-content\/uploads\/2024\/05\/Katalonien-Steinobst-2024-590x410.jpeg",590,410,true]},"author_info":{"display_name":"admin","author_link":"https:\/\/agronoticias.es\/de\/author\/admin\/"},"category_info":"<a href=\"https:\/\/agronoticias.es\/de\/category\/allgemein\/\" rel=\"category tag\">Allgemein<\/a>","tag_info":"Allgemein","comment_count":"0","_links":{"self":[{"href":"https:\/\/agronoticias.es\/de\/wp-json\/wp\/v2\/posts\/2248","targetHints":{"allow":["GET"]}}],"collection":[{"href":"https:\/\/agronoticias.es\/de\/wp-json\/wp\/v2\/posts"}],"about":[{"href":"https:\/\/agronoticias.es\/de\/wp-json\/wp\/v2\/types\/post"}],"author":[{"embeddable":true,"href":"https:\/\/agronoticias.es\/de\/wp-json\/wp\/v2\/users\/1"}],"replies":[{"embeddable":true,"href":"https:\/\/agronoticias.es\/de\/wp-json\/wp\/v2\/comments?post=2248"}],"version-history":[{"count":2,"href":"https:\/\/agronoticias.es\/de\/wp-json\/wp\/v2\/posts\/2248\/revisions"}],"predecessor-version":[{"id":2251,"href":"https:\/\/agronoticias.es\/de\/wp-json\/wp\/v2\/posts\/2248\/revisions\/2251"}],"wp:featuredmedia":[{"embeddable":true,"href":"https:\/\/agronoticias.es\/de\/wp-json\/wp\/v2\/media\/2249"}],"wp:attachment":[{"href":"https:\/\/agronoticias.es\/de\/wp-json\/wp\/v2\/media?parent=2248"}],"wp:term":[{"taxonomy":"category","embeddable":true,"href":"https:\/\/agronoticias.es\/de\/wp-json\/wp\/v2\/categories?post=2248"},{"taxonomy":"post_tag","embeddable":true,"href":"https:\/\/agronoticias.es\/de\/wp-json\/wp\/v2\/tags?post=2248"}],"curies":[{"name":"wp","href":"https:\/\/api.w.org\/{rel}","templated":true}]}}