{"id":2240,"date":"2024-05-17T12:41:18","date_gmt":"2024-05-17T10:41:18","guid":{"rendered":"https:\/\/agronoticias.es\/de\/?p=2240"},"modified":"2024-05-17T12:41:18","modified_gmt":"2024-05-17T10:41:18","slug":"valencia-hohere-sommerobstproduktion-erwartet","status":"publish","type":"post","link":"https:\/\/agronoticias.es\/de\/valencia-hohere-sommerobstproduktion-erwartet\/","title":{"rendered":"Valencia \u2013 h\u00f6here Sommerobstproduktion erwartet."},"content":{"rendered":"\n<p> <\/p>\n\n\n\n<p> <\/p>\n\n\n\n<p>Nach einer ersten Sch\u00e4tzung der Agrarorganisation La Uni\u00f3 Llauradora wird, wenn das Wetter mitspielt, &nbsp;die diesj\u00e4hrige valencianische Sommerobst-Produktion um 54 % h\u00f6her ausfallen als in der vergangenen Saison. Sie liegt damit aber immer noch 57 % unter dem Durchschnitt der letzten f\u00fcnfzehn Jahre.<\/p>\n\n\n\n<p>Insgesamt geht die Agrarorganisation von einer valencianischen Gesamternte von 13.120 t Sommerobst aus. Davon entfallen 6.500 t (50 %) auf Pfirsiche, Paraguayos und Nectarinan, 5.223 t (40%) auf Pflaumen und 1.355 t (10%) auf Aprikosen. 75 % (9.878 t) der Produktion kommt aus der Provinz Valencia, 20 % (2.640 t) aus Alicante und die restlichen 5 % (718 t) aus Castell\u00f3n. Hervorzuzheben, dass rund 40 % der gesamten valencianischen Sommerobstkulturen in dem Gebiet Vall d\u2019Albaida\/Valencia liegen.<\/p>\n\n\n\n<p>Die Ernte hat fr\u00fcher angefangen als sonst. Bl\u00fcte und Fruchtansatz fielen gut aus, da es keine negativen Wetterprobleme gab, bis auf gewisse Zonen, in denen die B\u00e4ume w\u00e4hrend zwei Perioden unter hohen Temperaturen und&nbsp; warmen Westwind (Poniente) unter Wasserstress gelitten haben.<\/p>\n\n\n\n<p>Nach Produzentenangaben ist es sehr schwierig,&nbsp; spezialisierte Arbeitskr\u00e4fte f\u00fcr die Ausd\u00fcnnung und&nbsp; die Ernte zu bekommen. Auch beklagt man die steigenden Obstimporte aus anderen L\u00e4ndern. In den letzten 10 Jahren sind die Einfuhren in die EU um 79 % gestiegen, mit der T\u00fcrkei, Chile (29 %) und S\u00fcdafrika (22 %) an der Spitze.<\/p>\n\n\n\n<p>Nach offizielen Daten des valencianischen Landwirtschaftsministeriums lag in 2022 die gesamte Anbaufl\u00e4che f\u00fcr Sommerobst bei 7.162 ha. Davon entfielen 2.981 ha (42%) auf Aprikosen, 2.800 ha (39 %) auf Pfirsiche und 1.381 ha (19 %) auf Pflaumen.<\/p>\n\n\n\n<p>Im bisherigen Verlauf dieses Jahrhunderts hat sich die Sommerobstfl\u00e4che im Land Valencia um 12.132 ha (-60 %) verringert, was einer Fl\u00e4che von 30.000 normalen Fu\u00dfballfeldern entspricht, bei einer konstanten j\u00e4hrlichen Rate von 8 %. Insgesamt wurden 3.133 ha Aprikosen (-51 %), 4.346 ha Pfirsiche (-54 %) und 4.653 ha Pflaumen (-77 %) aufgegeben.<\/p>\n\n\n\n<p>Um diese Situation zu \u00e4ndern, schl\u00e4gt die Agrarorganisation eine Reihe von Sofortma\u00dfnahmen vor. Als erstes die Durchf\u00fchrung von Promotionkampagnen zur F\u00f6derung des Obstkonsums der Verbraucher, sowohl auf nationaler als auch regionaler Ebene. Hierbei soll die Qualit\u00e4t und N\u00e4he hervorgehoben werden, sowie die Vorteile f\u00fcr St\u00e4dte und Umwelt im Vergleich zu den Obstimporten aus Drittl\u00e4ndern.<\/p>\n\n\n\n<p>Daneben fordert sie einen h\u00f6heren Forschungsetat f\u00fcr die Entwicklung von Sorten, die zunehmend an den Klimawandel angepasst sind, um auf den M\u00e4rkten wettbewerbsf\u00e4hig zu sein. Andererseits ist f\u00fcr La Uni\u00f3 die Agrar-Versicherung ein grundlegendes Instrument f\u00fcr die Erzeuger, insbesondere angesichts der erheblichen Zunahme der Schadensf\u00e4lle in den letzten Jahren. Sie sind h\u00e4ufiger und intensiver geworden, so dass dieser Versicherungsschutz noch wichtiger geworden ist. Aus diesem Grund schl\u00e4gt sie vor, dass die Beh\u00f6rden die Versicherungszusch\u00fcsse f\u00fcr professionelle Obsterzeuger auf 70 % erh\u00f6hen, was die von der EU erlaubte H\u00f6chstgrenze darstellt. Quelle und Foto: La Uni\u00f3<\/p>\n","protected":false},"excerpt":{"rendered":"<p>Nach einer ersten Sch\u00e4tzung der Agrarorganisation La Uni\u00f3 Llauradora wird, wenn das Wetter mitspielt, &nbsp;die diesj\u00e4hrige valencianische Sommerobst-Produktion<\/p>\n","protected":false},"author":1,"featured_media":2241,"comment_status":"closed","ping_status":"closed","sticky":false,"template":"","format":"standard","meta":{"footnotes":""},"categories":[34],"tags":[],"class_list":["post-2240","post","type-post","status-publish","format-standard","has-post-thumbnail","hentry","category-allgemein"],"featured_image_urls":{"full":["https:\/\/agronoticias.es\/de\/wp-content\/uploads\/2024\/05\/sommerobst-valencia.jpg",1024,682,false],"thumbnail":["https:\/\/agronoticias.es\/de\/wp-content\/uploads\/2024\/05\/sommerobst-valencia-150x150.jpg",150,150,true],"medium":["https:\/\/agronoticias.es\/de\/wp-content\/uploads\/2024\/05\/sommerobst-valencia-300x200.jpg",300,200,true],"medium_large":["https:\/\/agronoticias.es\/de\/wp-content\/uploads\/2024\/05\/sommerobst-valencia-768x512.jpg",640,427,true],"large":["https:\/\/agronoticias.es\/de\/wp-content\/uploads\/2024\/05\/sommerobst-valencia.jpg",640,426,false],"1536x1536":["https:\/\/agronoticias.es\/de\/wp-content\/uploads\/2024\/05\/sommerobst-valencia.jpg",1024,682,false],"2048x2048":["https:\/\/agronoticias.es\/de\/wp-content\/uploads\/2024\/05\/sommerobst-valencia.jpg",1024,682,false],"morenews-large":["https:\/\/agronoticias.es\/de\/wp-content\/uploads\/2024\/05\/sommerobst-valencia-825x575.jpg",825,575,true],"morenews-medium":["https:\/\/agronoticias.es\/de\/wp-content\/uploads\/2024\/05\/sommerobst-valencia-590x410.jpg",590,410,true]},"author_info":{"display_name":"admin","author_link":"https:\/\/agronoticias.es\/de\/author\/admin\/"},"category_info":"<a href=\"https:\/\/agronoticias.es\/de\/category\/allgemein\/\" rel=\"category tag\">Allgemein<\/a>","tag_info":"Allgemein","comment_count":"0","_links":{"self":[{"href":"https:\/\/agronoticias.es\/de\/wp-json\/wp\/v2\/posts\/2240","targetHints":{"allow":["GET"]}}],"collection":[{"href":"https:\/\/agronoticias.es\/de\/wp-json\/wp\/v2\/posts"}],"about":[{"href":"https:\/\/agronoticias.es\/de\/wp-json\/wp\/v2\/types\/post"}],"author":[{"embeddable":true,"href":"https:\/\/agronoticias.es\/de\/wp-json\/wp\/v2\/users\/1"}],"replies":[{"embeddable":true,"href":"https:\/\/agronoticias.es\/de\/wp-json\/wp\/v2\/comments?post=2240"}],"version-history":[{"count":1,"href":"https:\/\/agronoticias.es\/de\/wp-json\/wp\/v2\/posts\/2240\/revisions"}],"predecessor-version":[{"id":2242,"href":"https:\/\/agronoticias.es\/de\/wp-json\/wp\/v2\/posts\/2240\/revisions\/2242"}],"wp:featuredmedia":[{"embeddable":true,"href":"https:\/\/agronoticias.es\/de\/wp-json\/wp\/v2\/media\/2241"}],"wp:attachment":[{"href":"https:\/\/agronoticias.es\/de\/wp-json\/wp\/v2\/media?parent=2240"}],"wp:term":[{"taxonomy":"category","embeddable":true,"href":"https:\/\/agronoticias.es\/de\/wp-json\/wp\/v2\/categories?post=2240"},{"taxonomy":"post_tag","embeddable":true,"href":"https:\/\/agronoticias.es\/de\/wp-json\/wp\/v2\/tags?post=2240"}],"curies":[{"name":"wp","href":"https:\/\/api.w.org\/{rel}","templated":true}]}}