{"id":2237,"date":"2024-05-17T12:13:27","date_gmt":"2024-05-17T10:13:27","guid":{"rendered":"https:\/\/agronoticias.es\/de\/?p=2237"},"modified":"2024-05-17T12:13:28","modified_gmt":"2024-05-17T10:13:28","slug":"spanien-start-der-knoblauchernte-in-cordoba","status":"publish","type":"post","link":"https:\/\/agronoticias.es\/de\/spanien-start-der-knoblauchernte-in-cordoba\/","title":{"rendered":"Spanien: Start der Knoblauchernte in C\u00f3rdoba."},"content":{"rendered":"\n<p> <\/p>\n\n\n\n<p> <\/p>\n\n\n\n<p>In C\u00f3rdoba hat die diesj\u00e4hrige Knoblauchernte begonnen. Nach Informati\u00f3n von Miguel del Pino, Pr\u00e4sident Knoblauchsektor von Asaja, wird die Produktion wesentlich niedriger ausfallen, da aufgrund des Wassermangels die Anbaufl\u00e4che im Vergleich zur vorherigen Saison um \u00fcber 50 % reduziert wurde. Viele Landwirte haben auf&nbsp; die Aussaat verzichtet, da sie nicht \u00fcber ausreichende Wasserressourcen verf\u00fcgten, um eine gesicherte Entwicklung der Kulturen zu gew\u00e4hrleisten. Dieser Anbaur\u00fcckgang gegen\u00fcber der vorangegangenen Saison, in der bereits ein deutlicher R\u00fcckgang zu verzeichnen war, bedeutet, dass die gesamte Fl\u00e4che erheblich unter 1.000 ha liegen wird im Gegensatz zu den normalerweise bepflanzten 2.000 ha.<\/p>\n\n\n\n<p>Miguel del Pino zufolge erfordert der Knoblauchanbau eine &nbsp;hohe j\u00e4hrliche Investition von 12.000 bis 13.000 Euro\/ha. Er erkl\u00e4rte: \u201eDa die Erzeuger zur Zeit der Aussaat zwischen Oktober und Dezember aufgrund des Zustands des Einzugsgebiets des Guadalquivir wenig Hoffnung auf Wasser hatten, um die Ernte rentabel zu machen, entschieden sie sich gegen den Anbau in dieser Region und gingen in andere Provinzen wie Granada, M\u00e1laga oder Ciudad Real, die \u00fcber mehr Wasserressourcen verf\u00fcgen\u201c.<\/p>\n\n\n\n<p>Weiter f\u00fcgte er hinzu: \u201eF\u00fcr die n\u00e4chste Saison k\u00f6nnte es aber besser aussehen, da die Wasserzuteilungen f\u00fcr den Sommer und den Herbst, die k\u00fcrzlich vom Hydrographischen Verband des Guadalquivir (CHG) genehmigt wurden, h\u00f6her sind als die 750 Kubikmeter\/ha im letzten Jahr.\u201c<\/p>\n\n\n\n<p>Derzeit sieht es in den Knoblauchkulturen durch die Niederschl\u00e4ge im M\u00e4rz sehr gut \u00a0aus und es wird mit einer hervorragenden Qualit\u00e4t gerechnet. In Bezug auf die Preise sagte del Pino abschliessend: \u201eDie Preise scheinen im Moment interessant zu sein, da die Best\u00e4nde kleiner sind. Wir hoffen, dass diese Situation in den n\u00e4chsten Monaten anh\u00e4lt, vorausgesetzt es kommen keine Herk\u00fcnfte aus \u00c4gypten, so wie es in letzter Zeit der Fall war.\u201c Quelle und Foto: Asaja C\u00f3rdoba<\/p>\n","protected":false},"excerpt":{"rendered":"<p>In C\u00f3rdoba hat die diesj\u00e4hrige Knoblauchernte begonnen. Nach Informati\u00f3n von Miguel del Pino, Pr\u00e4sident Knoblauchsektor von Asaja, wird<\/p>\n","protected":false},"author":1,"featured_media":2238,"comment_status":"closed","ping_status":"closed","sticky":false,"template":"","format":"standard","meta":{"footnotes":""},"categories":[34],"tags":[],"class_list":["post-2237","post","type-post","status-publish","format-standard","has-post-thumbnail","hentry","category-allgemein"],"featured_image_urls":{"full":["https:\/\/agronoticias.es\/de\/wp-content\/uploads\/2024\/05\/Ajo-cosecha-24-Asaja-300x200-1.jpg",300,200,false],"thumbnail":["https:\/\/agronoticias.es\/de\/wp-content\/uploads\/2024\/05\/Ajo-cosecha-24-Asaja-300x200-1-150x150.jpg",150,150,true],"medium":["https:\/\/agronoticias.es\/de\/wp-content\/uploads\/2024\/05\/Ajo-cosecha-24-Asaja-300x200-1.jpg",300,200,false],"medium_large":["https:\/\/agronoticias.es\/de\/wp-content\/uploads\/2024\/05\/Ajo-cosecha-24-Asaja-300x200-1.jpg",300,200,false],"large":["https:\/\/agronoticias.es\/de\/wp-content\/uploads\/2024\/05\/Ajo-cosecha-24-Asaja-300x200-1.jpg",300,200,false],"1536x1536":["https:\/\/agronoticias.es\/de\/wp-content\/uploads\/2024\/05\/Ajo-cosecha-24-Asaja-300x200-1.jpg",300,200,false],"2048x2048":["https:\/\/agronoticias.es\/de\/wp-content\/uploads\/2024\/05\/Ajo-cosecha-24-Asaja-300x200-1.jpg",300,200,false],"morenews-large":["https:\/\/agronoticias.es\/de\/wp-content\/uploads\/2024\/05\/Ajo-cosecha-24-Asaja-300x200-1.jpg",300,200,false],"morenews-medium":["https:\/\/agronoticias.es\/de\/wp-content\/uploads\/2024\/05\/Ajo-cosecha-24-Asaja-300x200-1.jpg",300,200,false]},"author_info":{"display_name":"admin","author_link":"https:\/\/agronoticias.es\/de\/author\/admin\/"},"category_info":"<a href=\"https:\/\/agronoticias.es\/de\/category\/allgemein\/\" rel=\"category tag\">Allgemein<\/a>","tag_info":"Allgemein","comment_count":"0","_links":{"self":[{"href":"https:\/\/agronoticias.es\/de\/wp-json\/wp\/v2\/posts\/2237","targetHints":{"allow":["GET"]}}],"collection":[{"href":"https:\/\/agronoticias.es\/de\/wp-json\/wp\/v2\/posts"}],"about":[{"href":"https:\/\/agronoticias.es\/de\/wp-json\/wp\/v2\/types\/post"}],"author":[{"embeddable":true,"href":"https:\/\/agronoticias.es\/de\/wp-json\/wp\/v2\/users\/1"}],"replies":[{"embeddable":true,"href":"https:\/\/agronoticias.es\/de\/wp-json\/wp\/v2\/comments?post=2237"}],"version-history":[{"count":1,"href":"https:\/\/agronoticias.es\/de\/wp-json\/wp\/v2\/posts\/2237\/revisions"}],"predecessor-version":[{"id":2239,"href":"https:\/\/agronoticias.es\/de\/wp-json\/wp\/v2\/posts\/2237\/revisions\/2239"}],"wp:featuredmedia":[{"embeddable":true,"href":"https:\/\/agronoticias.es\/de\/wp-json\/wp\/v2\/media\/2238"}],"wp:attachment":[{"href":"https:\/\/agronoticias.es\/de\/wp-json\/wp\/v2\/media?parent=2237"}],"wp:term":[{"taxonomy":"category","embeddable":true,"href":"https:\/\/agronoticias.es\/de\/wp-json\/wp\/v2\/categories?post=2237"},{"taxonomy":"post_tag","embeddable":true,"href":"https:\/\/agronoticias.es\/de\/wp-json\/wp\/v2\/tags?post=2237"}],"curies":[{"name":"wp","href":"https:\/\/api.w.org\/{rel}","templated":true}]}}