{"id":2215,"date":"2024-05-14T12:31:25","date_gmt":"2024-05-14T10:31:25","guid":{"rendered":"https:\/\/agronoticias.es\/de\/?p=2215"},"modified":"2024-05-14T12:35:40","modified_gmt":"2024-05-14T10:35:40","slug":"jahresbilanz-2023-markte-fur-pflanzenschutz-und-dungung-schrumpfen-warnung-vor-flickenteppich-nationaler-reduktionsprogramme","status":"publish","type":"post","link":"https:\/\/agronoticias.es\/de\/jahresbilanz-2023-markte-fur-pflanzenschutz-und-dungung-schrumpfen-warnung-vor-flickenteppich-nationaler-reduktionsprogramme\/","title":{"rendered":"Jahresbilanz 2023: M\u00e4rkte f\u00fcr Pflanzenschutz und D\u00fcngung schrumpfen \/ Warnung vor \u201eFlickenteppich nationaler Reduktionsprogramme\u201c."},"content":{"rendered":"\n<p> <\/p>\n\n\n\n<p> <\/p>\n\n\n\n<p>Die Mitgliedsunternehmen des Industrieverbands Agrar e. V. (IVA) blicken auf ein schwieriges Jahr mit sinkenden Umsatz- und Absatzzahlen zur\u00fcck \u2013 und angesichts wachsenden regulatorischen Drucks mit Sorge in die Zukunft. Dies geht aus dem neuen Jahresbericht des Verbands hervor, den er heute anl\u00e4sslich seiner Mitgliederversammlung in Berlin ver\u00f6ffentlichte.<\/p>\n\n\n\n<p>Das Umsatzvolumen der Hersteller von Pflanzenschutzmitteln sank 2023 um 6,2 Prozent auf 1,342 Milliarden Euro (Vorjahr: 1,431 Mrd. Euro) und liegt damit noch unter dem Wert des Jahres 2017. Im Bereich Pflanzenern\u00e4hrung h\u00e4lt die Unsicherheit an. Die Nachfrage nach dem wichtigsten N\u00e4hrstoff Stickstoff sank im Gesch\u00e4ftsjahr 2022\/2023 um weitere 5,7 Prozent auf 1,034 Tonnen (Vorjahr: 1,097 Tonnen) und hat damit die fallende Tendenz der letzten Jahre best\u00e4tigt.<\/p>\n\n\n\n<p>Beim Ausblick auf das Jahr \u00e4u\u00dferte IVA-Pr\u00e4sident Michael Wagner in seinem Vorwort die Bef\u00fcrchtung, dass anstelle der im Europ\u00e4ischen Parlament gescheiterten Verordnung zum nachhaltigen Einsatz von Pflanzenschutzmitteln (SUR: Sustainable Use Regulation) nun ein neues Reduktionsprogramm zum einseitigen Nachteil der deutschen Landwirtschaft kommen wird. Wagner: \u201eUnsere Sorge: ein Flickenteppich nationaler Reduktionsprogramme, die mit unterschiedlichen Ma\u00dfnahmen und Ambitionen uns wieder ein St\u00fcck weiter vom \u201alevel playingfield\u00b4 wegf\u00fchren. Und wenn wir auf den Entwurf des Bundeslandwirtschaftsministeriums zu einem \u201aZukunftsprogramm Pflanzenschutz\u2018 (das den Namen zu Unrecht tr\u00e4gt) schauen, scheinen sich unserer Bef\u00fcrchtungen zu best\u00e4tigen.\u201c<\/p>\n\n\n\n<p>Die Rahmenbedingungen bei den Strom- und Gaspreisen f\u00fc\u00fc deutsche Produzenten von Minerald\u00fcngern haben sich zwar etwas entspannt, gleichwohl bleiben Wettbewerbsnachteile gegen\u00fcber anderen Weltregionen mit besserem Zugang zu g\u00fcnstiger Energie bestehen. Unbeirrt ob dieser Bedingungen sind die im IVA vertretenen Herstellerfirmen bereit, den Weg mit erheblichen Investitionen in die Transformation zu einer klimafreundlichen Minerald\u00fcngung zu gehen. Erste Pilotprojekte zur Herstellung klimafreundlicher gr\u00fcner D\u00fcngemittel wurden gestartet. Quelle und Foto: IVA<\/p>\n","protected":false},"excerpt":{"rendered":"<p>Die Mitgliedsunternehmen des Industrieverbands Agrar e. V. (IVA) blicken auf ein schwieriges Jahr mit sinkenden Umsatz- und Absatzzahlen<\/p>\n","protected":false},"author":1,"featured_media":2216,"comment_status":"closed","ping_status":"closed","sticky":false,"template":"","format":"standard","meta":{"footnotes":""},"categories":[34],"tags":[],"class_list":["post-2215","post","type-post","status-publish","format-standard","has-post-thumbnail","hentry","category-allgemein"],"featured_image_urls":{"full":["https:\/\/agronoticias.es\/de\/wp-content\/uploads\/2024\/05\/IVA-Jahresbericht-23-24.png",695,344,false],"thumbnail":["https:\/\/agronoticias.es\/de\/wp-content\/uploads\/2024\/05\/IVA-Jahresbericht-23-24-150x150.png",150,150,true],"medium":["https:\/\/agronoticias.es\/de\/wp-content\/uploads\/2024\/05\/IVA-Jahresbericht-23-24-300x148.png",300,148,true],"medium_large":["https:\/\/agronoticias.es\/de\/wp-content\/uploads\/2024\/05\/IVA-Jahresbericht-23-24.png",640,317,false],"large":["https:\/\/agronoticias.es\/de\/wp-content\/uploads\/2024\/05\/IVA-Jahresbericht-23-24.png",640,317,false],"1536x1536":["https:\/\/agronoticias.es\/de\/wp-content\/uploads\/2024\/05\/IVA-Jahresbericht-23-24.png",695,344,false],"2048x2048":["https:\/\/agronoticias.es\/de\/wp-content\/uploads\/2024\/05\/IVA-Jahresbericht-23-24.png",695,344,false],"morenews-large":["https:\/\/agronoticias.es\/de\/wp-content\/uploads\/2024\/05\/IVA-Jahresbericht-23-24.png",695,344,false],"morenews-medium":["https:\/\/agronoticias.es\/de\/wp-content\/uploads\/2024\/05\/IVA-Jahresbericht-23-24-590x344.png",590,344,true]},"author_info":{"display_name":"admin","author_link":"https:\/\/agronoticias.es\/de\/author\/admin\/"},"category_info":"<a href=\"https:\/\/agronoticias.es\/de\/category\/allgemein\/\" rel=\"category tag\">Allgemein<\/a>","tag_info":"Allgemein","comment_count":"0","_links":{"self":[{"href":"https:\/\/agronoticias.es\/de\/wp-json\/wp\/v2\/posts\/2215","targetHints":{"allow":["GET"]}}],"collection":[{"href":"https:\/\/agronoticias.es\/de\/wp-json\/wp\/v2\/posts"}],"about":[{"href":"https:\/\/agronoticias.es\/de\/wp-json\/wp\/v2\/types\/post"}],"author":[{"embeddable":true,"href":"https:\/\/agronoticias.es\/de\/wp-json\/wp\/v2\/users\/1"}],"replies":[{"embeddable":true,"href":"https:\/\/agronoticias.es\/de\/wp-json\/wp\/v2\/comments?post=2215"}],"version-history":[{"count":2,"href":"https:\/\/agronoticias.es\/de\/wp-json\/wp\/v2\/posts\/2215\/revisions"}],"predecessor-version":[{"id":2220,"href":"https:\/\/agronoticias.es\/de\/wp-json\/wp\/v2\/posts\/2215\/revisions\/2220"}],"wp:featuredmedia":[{"embeddable":true,"href":"https:\/\/agronoticias.es\/de\/wp-json\/wp\/v2\/media\/2216"}],"wp:attachment":[{"href":"https:\/\/agronoticias.es\/de\/wp-json\/wp\/v2\/media?parent=2215"}],"wp:term":[{"taxonomy":"category","embeddable":true,"href":"https:\/\/agronoticias.es\/de\/wp-json\/wp\/v2\/categories?post=2215"},{"taxonomy":"post_tag","embeddable":true,"href":"https:\/\/agronoticias.es\/de\/wp-json\/wp\/v2\/tags?post=2215"}],"curies":[{"name":"wp","href":"https:\/\/api.w.org\/{rel}","templated":true}]}}