{"id":2200,"date":"2024-05-10T11:57:35","date_gmt":"2024-05-10T09:57:35","guid":{"rendered":"https:\/\/agronoticias.es\/de\/?p=2200"},"modified":"2024-05-10T12:01:05","modified_gmt":"2024-05-10T10:01:05","slug":"spanien-orri-bleibt-die-mandarinensorte-mit-den-besten-preisen-auf-dem-markt","status":"publish","type":"post","link":"https:\/\/agronoticias.es\/de\/spanien-orri-bleibt-die-mandarinensorte-mit-den-besten-preisen-auf-dem-markt\/","title":{"rendered":"Spanien &#8211; ORRi bleibt die Mandarinensorte mit den besten Preisen auf dem Markt"},"content":{"rendered":"\n<p>Die Mandarinensorte ORRi aus Spanien behauptet ihre Position als die Mandarinenvariet\u00e4t, die die h\u00f6chsten Preise auf dem Markt erzielt, und das in einem Jahr, das von einem \u00dcberangebot durch Importe aus Drittl\u00e4ndern gepr\u00e4gt ist und in der zweiten H\u00e4lfte der Kampagne zu einem allgemeinen Preisr\u00fcckgang bei Mandarinen gef\u00fchrt hat.<\/p>\n\n\n\n<p>Trotz des \u00dcberangebots von anderen Sorten aus Drittl\u00e4ndern im Mittelmeerraum, einschlie\u00dflich der lizenzpflichtigen Variet\u00e4ten, hebt sich ORRi weiterhin ab und hat nach Angaben der Citrusb\u00f6rse in Valencia in den letzten drei Kampagnen einen Preisunterschied von rund 30 Prozent gegen\u00fcber der n\u00e4chsth\u00f6her bewerteten Mandarine und mehr als das Doppelte gegen\u00fcber anderen Mandarinen erzielt.<\/p>\n\n\n\n<p>Guillermo Soler, Gesch\u00e4ftsf\u00fchrer von ORC (Orri Running Committe), erkl\u00e4rte: \u201eDieser Unterschied wird noch deutlicher, wenn wir von einem Qualit\u00e4tsprodukt sprechen, das einem Premium-Konzept entspricht. Bei ORRi handelt es sich um eine qualitativ hochwertige Frucht mit au\u00dfergew\u00f6hnlichen und einzigartigen organoleptischen Eigenschaften, mit einer der l\u00e4ngsten Vermarktungskampagnen aufgrund ihrer hervorragenden Haltbarkeit nach der Ernte.<\/p>\n\n\n\n<p>Die Bewertung der ORRi\u2013Produzenten ist sehr positiv und liegt \u00fcber der anderer Sorten. Remigio Richart, einer der valencianischen Erzeuger: \u201eORRi zeichnet sich durch ihre guten Kaliber, die Widerstandsf\u00e4higkeit ihrer Schale, ihre Textur und ihren spektakul\u00e4ren Geschmack aus, weshalb sie auf dem Markt sehr gefragt ist. Dar\u00fcber hinaus ist ihr Preis im Campo wesentlichl h\u00f6her als der anderer Sorten\u201c.<\/p>\n\n\n\n<p>Alejandro Meli\u00e1, technischer Direktor des Unternehmens Servicios Agr\u00edcolas Meli\u00e1, das sich mit der technischen Beratung im Citrusanbau befasst und selbst ORRi Produzent ist betonte: \u201eORRi ist eine Sorte, die sich von der Masse abhebt, weil sie sehr produktiv ist und von den M\u00e4rkten mit gro\u00dfem Interesse angenommen wird. Was ORRi von anderen Sorten unterscheidet, ist die leichte Sch\u00e4lbarkeit, die hohe organoleptische Qualit\u00e4t mit einem ausgeglichenen Zucker-S\u00e4ure-Verh\u00e4ltnis und einer geringen Anzahl von Kernen.<\/p>\n\n\n\n<p>ORRi ist eine gesch\u00fctzte Sorte, die den Lizenznehmern f\u00fcr mehrere Jahrzehnte eine ausschlie\u00dfliche Nutzungsgenehmigung einr\u00e4umt, ohne Limit in Bezug auf die Vermarktungsfreiheit, so dass sowohl die Erzeuger als auch die Vermarkter von ORRi frei entscheiden k\u00f6nnen, wie sie kaufen, vermarkten und zu welchem Preis und Bedingungen, die in jedem Einzelfall frei vereinbart werden. Quelle &#8211; ORC<\/p>\n","protected":false},"excerpt":{"rendered":"<p>Die Mandarinensorte ORRi aus Spanien behauptet ihre Position als die Mandarinenvariet\u00e4t, die die h\u00f6chsten Preise auf dem Markt<\/p>\n","protected":false},"author":1,"featured_media":2203,"comment_status":"closed","ping_status":"closed","sticky":false,"template":"","format":"standard","meta":{"footnotes":""},"categories":[33],"tags":[],"class_list":["post-2200","post","type-post","status-publish","format-standard","has-post-thumbnail","hentry","category-neue_sorten"],"featured_image_urls":{"full":["https:\/\/agronoticias.es\/de\/wp-content\/uploads\/2024\/05\/orri2.png",986,904,false],"thumbnail":["https:\/\/agronoticias.es\/de\/wp-content\/uploads\/2024\/05\/orri2-150x150.png",150,150,true],"medium":["https:\/\/agronoticias.es\/de\/wp-content\/uploads\/2024\/05\/orri2-300x275.png",300,275,true],"medium_large":["https:\/\/agronoticias.es\/de\/wp-content\/uploads\/2024\/05\/orri2-768x704.png",640,587,true],"large":["https:\/\/agronoticias.es\/de\/wp-content\/uploads\/2024\/05\/orri2.png",640,587,false],"1536x1536":["https:\/\/agronoticias.es\/de\/wp-content\/uploads\/2024\/05\/orri2.png",986,904,false],"2048x2048":["https:\/\/agronoticias.es\/de\/wp-content\/uploads\/2024\/05\/orri2.png",986,904,false],"morenews-large":["https:\/\/agronoticias.es\/de\/wp-content\/uploads\/2024\/05\/orri2-825x575.png",825,575,true],"morenews-medium":["https:\/\/agronoticias.es\/de\/wp-content\/uploads\/2024\/05\/orri2-590x410.png",590,410,true]},"author_info":{"display_name":"admin","author_link":"https:\/\/agronoticias.es\/de\/author\/admin\/"},"category_info":"<a href=\"https:\/\/agronoticias.es\/de\/category\/neue_sorten\/\" rel=\"category tag\">Neue sorten<\/a>","tag_info":"Neue sorten","comment_count":"0","_links":{"self":[{"href":"https:\/\/agronoticias.es\/de\/wp-json\/wp\/v2\/posts\/2200","targetHints":{"allow":["GET"]}}],"collection":[{"href":"https:\/\/agronoticias.es\/de\/wp-json\/wp\/v2\/posts"}],"about":[{"href":"https:\/\/agronoticias.es\/de\/wp-json\/wp\/v2\/types\/post"}],"author":[{"embeddable":true,"href":"https:\/\/agronoticias.es\/de\/wp-json\/wp\/v2\/users\/1"}],"replies":[{"embeddable":true,"href":"https:\/\/agronoticias.es\/de\/wp-json\/wp\/v2\/comments?post=2200"}],"version-history":[{"count":1,"href":"https:\/\/agronoticias.es\/de\/wp-json\/wp\/v2\/posts\/2200\/revisions"}],"predecessor-version":[{"id":2202,"href":"https:\/\/agronoticias.es\/de\/wp-json\/wp\/v2\/posts\/2200\/revisions\/2202"}],"wp:featuredmedia":[{"embeddable":true,"href":"https:\/\/agronoticias.es\/de\/wp-json\/wp\/v2\/media\/2203"}],"wp:attachment":[{"href":"https:\/\/agronoticias.es\/de\/wp-json\/wp\/v2\/media?parent=2200"}],"wp:term":[{"taxonomy":"category","embeddable":true,"href":"https:\/\/agronoticias.es\/de\/wp-json\/wp\/v2\/categories?post=2200"},{"taxonomy":"post_tag","embeddable":true,"href":"https:\/\/agronoticias.es\/de\/wp-json\/wp\/v2\/tags?post=2200"}],"curies":[{"name":"wp","href":"https:\/\/api.w.org\/{rel}","templated":true}]}}