{"id":2158,"date":"2024-04-25T16:31:50","date_gmt":"2024-04-25T14:31:50","guid":{"rendered":"https:\/\/agronoticias.es\/de\/?p=2158"},"modified":"2024-04-25T16:31:50","modified_gmt":"2024-04-25T14:31:50","slug":"edeka-verbund-wachst-in-einem-schwierigen-marktumfeld","status":"publish","type":"post","link":"https:\/\/agronoticias.es\/de\/edeka-verbund-wachst-in-einem-schwierigen-marktumfeld\/","title":{"rendered":"EDEKA-Verbund w\u00e4chst in einem schwierigen Marktumfeld"},"content":{"rendered":"\n<p> <\/p>\n\n\n\n<p>In einem herausfordernden Marktumfeld blickt der genossenschaftliche EDEKA-Verbund auf eine positive Gesch\u00e4ftsentwicklung 2023 zur\u00fcck. \u00dcber alle Sparten hinweg stieg der Gesamtumsatz um 6,7 Prozent auf 70,7 Mrd. Euro und \u00fcbertraf damit erstmals die 70-Mrd.-Euro-Schwelle. Ma\u00df-geblichen Anteil daran hatten die rund 3.400 selbst\u00e4ndigen EDEKA-Kaufleute mit einem Umsatz von 39,3 Mrd. Euro \u2013 ein Plus von 7,7 Prozent. Auch Netto Marken-Discount behauptet sich gut mit 8,5 Prozent Wachstum im hart umk\u00e4mpften Discount-Wettbewerb. Wie schon im Jahr zuvor investierte der EDEKA-Verbund massiv in die Verkaufspreise und schw\u00e4chte damit die Inflation f\u00fcr seine Kund:innen deutlich ab. Gleichzeitig bauten die Kaufleute ihr Leistungsangebot in Bezug auf Qualit\u00e4t, Nachhaltigkeit und Einkaufserlebnis weiter aus. Auch in den Gesch\u00e4ftsfeldern Online-Handel, Fachhandel und C+C wurden die Weichen auf weiteres Wachstum gestellt. Die St\u00e4rkung des Eigenmarkensortiments sowie Investitionen in die Infrastruktur und in eigene Produktionsbetriebe trugen zur Stabilit\u00e4t des Unternehmensverbunds in wirtschaftlich schwierigen Zeiten bei. Mit rund 410.700 Mitarbeitenden bleibt EDEKA der gr\u00f6\u00dfte privatwirtschaftliche Arbeitgeber Deutschlands.<\/p>\n\n\n\n<p>\u201eDas Jahr 2023 war f\u00fcr den EDEKA-Verbund gepr\u00e4gt von einem geschlossenen Auftreten und einer klaren Haltung einerseits, aber auch von einer gro\u00dfen Ver\u00e4nderungs-bereitschaft. Vor allem entlang der intensiven Verhandlungen mit global agierenden Industriekonzernen haben wir klar Position bezogen: f\u00fcr erschwingliche Lebensmittel, ganz im Sinne unserer Kundinnen und Kunden\u201c, so Markus Mosa, Vorstands-vorsitzender der EDEKA ZENTRALE Stiftung &amp; Co. KG. \u201eIch danke vor allem unseren Unternehmerinnen und Unternehmern im EDEKA-Verbund, die allen Herausforderun-gen mit Mut und Tatkraft begegnet sind.\u201c<\/p>\n\n\n\n<p>Kerngesch\u00e4ftsfeld des EDEKAVerbunds sind die 6.700 station\u00e4ren Super und Verbraucherm\u00e4rkte, die gr\u00f6\u00dftenteils von den rund 3.400 selbstst\u00e4ndigen Kaufleuten betrieben werden. Sie bewiesen 2023 erneut ihre St\u00e4rke und die F\u00e4higkeit, sich kreativ auf die ver\u00e4nderten Marktbedingungen einzustellen. Im Jahresverlauf erwirtschafteten die EDEKA-Unternehmer:innen einen Umsatz von 39,3 Mrd. Euro (+ 7,7 Prozent), fl\u00e4chenbereinigt lag das Plus bei fast 5 Prozent. Gem\u00e4\u00df dem genossenschaftlichen Auftrag, das Unternehmertum in den eigenen Reihen zu f\u00f6rdern, \u00fcbergaben die EDEKA-Gro\u00dfhandlungen insgesamt 91 in eigener Regie gef\u00fchrte M\u00e4rkte in die H\u00e4nde selbstst\u00e4ndiger Kaufleute, davon 45 an Existenzgr\u00fcnder:innen. Im Jahresverlauf machten 122 Jungunternehmer:innen den Schritt in die Selbstst\u00e4ndigkeit mit einem eigenen EDEKA-Markt. In den vergangenen f\u00fcnf Jahren summierte sich die Zahl auf insgesamt 538 Existenzgr\u00fcndungen.<\/p>\n\n\n\n<p>Auch Netto MarkenDiscount entwickelte sich weiterhin dynamisch und steigerte seinen Umsatz im Jahr 2023 auf 17,1 Mrd. Euro, ein Plus von 8,5 Prozent im Vergleich zum Vorjahr (+ 7,5 Prozent auf vergleichbarer Fl\u00e4che). Zu dieser erfolgreichen Entwick-lung trugen 87.300 Besch\u00e4ftigte bei (+ 3.300). Im Jahresverlauf 2023 wurden bundes-weit 116 Netto-Filialen neu er\u00f6ffnet und 450 Standorte modernisiert. Quelle und Foto: Edeka-Verbund<\/p>\n","protected":false},"excerpt":{"rendered":"<p>In einem herausfordernden Marktumfeld blickt der genossenschaftliche EDEKA-Verbund auf eine positive Gesch\u00e4ftsentwicklung 2023 zur\u00fcck. \u00dcber alle Sparten hinweg<\/p>\n","protected":false},"author":1,"featured_media":2159,"comment_status":"closed","ping_status":"closed","sticky":false,"template":"","format":"standard","meta":{"footnotes":""},"categories":[34],"tags":[],"class_list":["post-2158","post","type-post","status-publish","format-standard","has-post-thumbnail","hentry","category-allgemein"],"featured_image_urls":{"full":["https:\/\/agronoticias.es\/de\/wp-content\/uploads\/2024\/04\/edeka_preview-logo.webp",500,375,false],"thumbnail":["https:\/\/agronoticias.es\/de\/wp-content\/uploads\/2024\/04\/edeka_preview-logo-150x150.webp",150,150,true],"medium":["https:\/\/agronoticias.es\/de\/wp-content\/uploads\/2024\/04\/edeka_preview-logo-300x225.webp",300,225,true],"medium_large":["https:\/\/agronoticias.es\/de\/wp-content\/uploads\/2024\/04\/edeka_preview-logo.webp",500,375,false],"large":["https:\/\/agronoticias.es\/de\/wp-content\/uploads\/2024\/04\/edeka_preview-logo.webp",500,375,false],"1536x1536":["https:\/\/agronoticias.es\/de\/wp-content\/uploads\/2024\/04\/edeka_preview-logo.webp",500,375,false],"2048x2048":["https:\/\/agronoticias.es\/de\/wp-content\/uploads\/2024\/04\/edeka_preview-logo.webp",500,375,false],"morenews-large":["https:\/\/agronoticias.es\/de\/wp-content\/uploads\/2024\/04\/edeka_preview-logo.webp",500,375,false],"morenews-medium":["https:\/\/agronoticias.es\/de\/wp-content\/uploads\/2024\/04\/edeka_preview-logo.webp",500,375,false]},"author_info":{"display_name":"admin","author_link":"https:\/\/agronoticias.es\/de\/author\/admin\/"},"category_info":"<a href=\"https:\/\/agronoticias.es\/de\/category\/allgemein\/\" rel=\"category tag\">Allgemein<\/a>","tag_info":"Allgemein","comment_count":"0","_links":{"self":[{"href":"https:\/\/agronoticias.es\/de\/wp-json\/wp\/v2\/posts\/2158","targetHints":{"allow":["GET"]}}],"collection":[{"href":"https:\/\/agronoticias.es\/de\/wp-json\/wp\/v2\/posts"}],"about":[{"href":"https:\/\/agronoticias.es\/de\/wp-json\/wp\/v2\/types\/post"}],"author":[{"embeddable":true,"href":"https:\/\/agronoticias.es\/de\/wp-json\/wp\/v2\/users\/1"}],"replies":[{"embeddable":true,"href":"https:\/\/agronoticias.es\/de\/wp-json\/wp\/v2\/comments?post=2158"}],"version-history":[{"count":1,"href":"https:\/\/agronoticias.es\/de\/wp-json\/wp\/v2\/posts\/2158\/revisions"}],"predecessor-version":[{"id":2160,"href":"https:\/\/agronoticias.es\/de\/wp-json\/wp\/v2\/posts\/2158\/revisions\/2160"}],"wp:featuredmedia":[{"embeddable":true,"href":"https:\/\/agronoticias.es\/de\/wp-json\/wp\/v2\/media\/2159"}],"wp:attachment":[{"href":"https:\/\/agronoticias.es\/de\/wp-json\/wp\/v2\/media?parent=2158"}],"wp:term":[{"taxonomy":"category","embeddable":true,"href":"https:\/\/agronoticias.es\/de\/wp-json\/wp\/v2\/categories?post=2158"},{"taxonomy":"post_tag","embeddable":true,"href":"https:\/\/agronoticias.es\/de\/wp-json\/wp\/v2\/tags?post=2158"}],"curies":[{"name":"wp","href":"https:\/\/api.w.org\/{rel}","templated":true}]}}