{"id":2146,"date":"2024-04-23T11:07:47","date_gmt":"2024-04-23T09:07:47","guid":{"rendered":"https:\/\/agronoticias.es\/de\/?p=2146"},"modified":"2024-04-23T11:09:51","modified_gmt":"2024-04-23T09:09:51","slug":"erste-messe-der-fruit-attraction-sao-paulo-in-brasilien-erfolgreich-beendet","status":"publish","type":"post","link":"https:\/\/agronoticias.es\/de\/erste-messe-der-fruit-attraction-sao-paulo-in-brasilien-erfolgreich-beendet\/","title":{"rendered":"Erste Messe der Fruit Attraction S\u00e3o Paulo in Brasilien erfolgreich beendet"},"content":{"rendered":"\n<p>Die Fruit Attraction, eine der weltweit f\u00fchrenden internationalen Fachmessen f\u00fcr den Obst- und Gem\u00fcsesektor, hat ihre erste Ausgabe in Brasilien auf der S\u00e3o Paulo Expo abgeschlossen. Die dreit\u00e4gige Veranstaltung, an der 45 L\u00e4nder und acht brasilianische Bundesstaaten (S\u00e3o Paulo, Bahia, Pernambuco, Rio Grande do Norte, Maranh\u00e3o, Par\u00e1, Esp\u00edrito Santo und Paran\u00e1) teilnahmen, brachte die gesamte Produktionskette des Sektors und 12.000 Besucher zusammen.<\/p>\n\n\n\n<p>An der ersten Fruit Attraction S\u00e3o Paulo nahmen mehr als 300 Aussteller aus 15 verschiedenen L\u00e4ndern teil, was den internationalen Charakter der Veranstaltung und die Attraktivit\u00e4t des brasilianischen Binnenmarktes beweist. Die teilnehmenden L\u00e4nder waren Frankreich, Holland, Italien, Portugal, Griechenland, Spanien, Argentinien, Chile, Uruguay, die Vereinigten Staaten, Neuseeland, \u00c4gypten, die T\u00fcrkei und Israel.<\/p>\n\n\n\n<p>\u00abDie Fruit Attraction S\u00e3o Paulo entsteht als internationale Referenzmesse f\u00fcr den O+G-Markt in der s\u00fcdlichen Hemisph\u00e4re im Wechsel und Einklang mit der Fruit Attraction Madrid, der f\u00fchrenden Veranstaltung in der n\u00f6rdlichen Hemisph\u00e4re. Diese Messe wird der Treffpunkt nicht nur f\u00fcr die Erzeuger aus allen brasilianischen Bundesstaaten, sondern auch aus den lateinamerikanischen L\u00e4ndern sein. Ifema Madrid ist stolz darauf, zum Wachstum des lokalen O+G-Sektors beizutragen und unser spezielles Know-how in diesem Bereich weitergeben zu k\u00f6nnen\u00bb, sagt Jaime Mart\u00edn, Direktor f\u00fcr internationale Expansion bei Ifema Madrid.<\/p>\n\n\n\n<p>\u00abWir sind sehr zufrieden mit den Ergebnissen der ersten Ausgabe dieser Flaggschiffmesse der Ifema Madrid in Brasilien, an der mehr als 300 ausstellende Marken teilgenommen haben. Wir verzeichnen bereits eine gro\u00dfe Anzahl von Besuchern, die an einer Teilnahme als Aussteller bei der n\u00e4chsten Messeausgabe interessiert sind, sowie eine hohe Anzahl von Verl\u00e4ngerungsanfragen und eine Fl\u00e4chenzunahme derjenigen, die bereits in diesem Jahr ausgestellt haben\u00bb, sagt Maur\u00edcio Macedo, Generaldirektor der Fiera Milano Brasil, Mitveranstalter der Messe.<\/p>\n\n\n\n<p>Guilherme Coelho, Pr\u00e4sident von Abrafrutas (brasilianischer Verband der O+G-Erzeuger und -Exporteure), sah einen der positiven Punkte in der geschaffenen Struktur. \u00abIch bin sehr zufrieden mit der Fruit Attraction S\u00e3o Paulo, eine Messe, die es auch weiterhin geben wird. Wichtige Faktoren wie gute St\u00e4nde, Gesch\u00e4ftstreffen, inhaltliche Panels und vor allem volle G\u00e4nge zeigen, dass sich die Veranstaltung konsolidieren wird\u00bb, sagte er.<\/p>\n\n\n\n<p>Die n\u00e4chste Ausgabe wird gr\u00f6\u00dfer ausfallen und zwei Pavillons auf der S\u00e3o Paulo Expo belegen. \u00abWir wussten, dass diese erste Veranstaltung aufgrund der brasilianischen Tradition und der erfolgreichen Erfahrung der Ifema Madrid sehr gut sein w\u00fcrde. Diese beiden Faktoren werden uns dabei helfen, im n\u00e4chsten Jahr eine noch bessere Messe zu organisieren. Unsere Erwartungen sind bereits sehr hoch\u00bb, f\u00fcgt Macedo hinzu.<\/p>\n\n\n\n<p>Die Veranstaltung bot ein interaktives Erlebnis und ein Forum mit einem mehr als 20 Stunden-Programm. Renommierte K\u00f6che bereiteten Rezepte mit den Zutaten zu, die in der Kochshow von S\u00e3o Paulo Neg\u00f3cios ausgestellt wurden. Das Fruit Forum, das von den Regierungen von Bahia und Maranh\u00e3o, dem Hafen von Suape und Apex Brasil gesponsert wurde, zeigte die neuen Trends und M\u00f6glichkeiten f\u00fcr diejenigen auf, die im Obst- und Gem\u00fcsesektor unternehmerisch t\u00e4tig sind oder es werden wollen.<\/p>\n\n\n\n<p>Die Performance der Fruit Attraction S\u00e3o Paulo ist ein Spiegelbild des guten Moments, den Brasilien auf der Weltb\u00fchne verzeichnet. Laut Abrafrutas hat das Land in 2023 einen Rekord bei den Obstexporten erreicht, mit einer Umsatzsteigerung von 26 % im Vergleich zu 2022 und einem Umsatz von 1,2 Mrd. R$.<\/p>\n\n\n\n<p>In Zusammenarbeit mit der brasilianischen Agentur f\u00fcr Export- und Investitionsf\u00f6rderung (Apex) bot die Messe auch ein Programm f\u00fcr internationale Eink\u00e4ufer. Fachleute aus 33 verschiedenen L\u00e4ndern f\u00fchrten w\u00e4hrend der drei Messetage mehr als tausend Gesch\u00e4ftsgespr\u00e4che, die in den n\u00e4chsten 12 Monaten zu einem Umsatz von einer Milliarde R$ f\u00fchren sollten.<\/p>\n\n\n\n<p>Victor Rodrigues Ferreira, nationaler Agrarwirtschaftsanalyst von Sebrae, bewertete die Beteiligung der Produktionskette positiv. \u00abDie Erzeuger erlebten die Vielzahl der M\u00f6glichkeiten neue Gesch\u00e4fte zu erschlie\u00dfen. Wir brauchen einen solchen Rahmen in Brasilien, und diese erste Ausgabe hat den Samen dazu gelegt. Ich glaube, dass im n\u00e4chsten Jahr, mit mehr Zeit, die Zahl der Besucher weiter steigen wird\u00bb, sagte er. <\/p>\n","protected":false},"excerpt":{"rendered":"<p>Die Fruit Attraction, eine der weltweit f\u00fchrenden internationalen Fachmessen f\u00fcr den Obst- und Gem\u00fcsesektor, hat ihre erste Ausgabe<\/p>\n","protected":false},"author":1,"featured_media":2147,"comment_status":"closed","ping_status":"closed","sticky":false,"template":"","format":"standard","meta":{"footnotes":""},"categories":[34,1],"tags":[],"class_list":["post-2146","post","type-post","status-publish","format-standard","has-post-thumbnail","hentry","category-allgemein","category-veranstaltungen"],"featured_image_urls":{"full":["https:\/\/agronoticias.es\/de\/wp-content\/uploads\/2024\/04\/FRUIT_ATTRACTION_17042024_09H_INDY0521-1.jpg",2000,1333,false],"thumbnail":["https:\/\/agronoticias.es\/de\/wp-content\/uploads\/2024\/04\/FRUIT_ATTRACTION_17042024_09H_INDY0521-1-150x150.jpg",150,150,true],"medium":["https:\/\/agronoticias.es\/de\/wp-content\/uploads\/2024\/04\/FRUIT_ATTRACTION_17042024_09H_INDY0521-1-300x200.jpg",300,200,true],"medium_large":["https:\/\/agronoticias.es\/de\/wp-content\/uploads\/2024\/04\/FRUIT_ATTRACTION_17042024_09H_INDY0521-1-768x512.jpg",640,427,true],"large":["https:\/\/agronoticias.es\/de\/wp-content\/uploads\/2024\/04\/FRUIT_ATTRACTION_17042024_09H_INDY0521-1-1024x682.jpg",640,426,true],"1536x1536":["https:\/\/agronoticias.es\/de\/wp-content\/uploads\/2024\/04\/FRUIT_ATTRACTION_17042024_09H_INDY0521-1-1536x1024.jpg",1536,1024,true],"2048x2048":["https:\/\/agronoticias.es\/de\/wp-content\/uploads\/2024\/04\/FRUIT_ATTRACTION_17042024_09H_INDY0521-1.jpg",2000,1333,false],"morenews-large":["https:\/\/agronoticias.es\/de\/wp-content\/uploads\/2024\/04\/FRUIT_ATTRACTION_17042024_09H_INDY0521-1-825x575.jpg",825,575,true],"morenews-medium":["https:\/\/agronoticias.es\/de\/wp-content\/uploads\/2024\/04\/FRUIT_ATTRACTION_17042024_09H_INDY0521-1-590x410.jpg",590,410,true]},"author_info":{"display_name":"admin","author_link":"https:\/\/agronoticias.es\/de\/author\/admin\/"},"category_info":"<a href=\"https:\/\/agronoticias.es\/de\/category\/allgemein\/\" rel=\"category tag\">Allgemein<\/a> <a href=\"https:\/\/agronoticias.es\/de\/category\/veranstaltungen\/\" rel=\"category tag\">Veranstaltungen<\/a>","tag_info":"Veranstaltungen","comment_count":"0","_links":{"self":[{"href":"https:\/\/agronoticias.es\/de\/wp-json\/wp\/v2\/posts\/2146","targetHints":{"allow":["GET"]}}],"collection":[{"href":"https:\/\/agronoticias.es\/de\/wp-json\/wp\/v2\/posts"}],"about":[{"href":"https:\/\/agronoticias.es\/de\/wp-json\/wp\/v2\/types\/post"}],"author":[{"embeddable":true,"href":"https:\/\/agronoticias.es\/de\/wp-json\/wp\/v2\/users\/1"}],"replies":[{"embeddable":true,"href":"https:\/\/agronoticias.es\/de\/wp-json\/wp\/v2\/comments?post=2146"}],"version-history":[{"count":1,"href":"https:\/\/agronoticias.es\/de\/wp-json\/wp\/v2\/posts\/2146\/revisions"}],"predecessor-version":[{"id":2148,"href":"https:\/\/agronoticias.es\/de\/wp-json\/wp\/v2\/posts\/2146\/revisions\/2148"}],"wp:featuredmedia":[{"embeddable":true,"href":"https:\/\/agronoticias.es\/de\/wp-json\/wp\/v2\/media\/2147"}],"wp:attachment":[{"href":"https:\/\/agronoticias.es\/de\/wp-json\/wp\/v2\/media?parent=2146"}],"wp:term":[{"taxonomy":"category","embeddable":true,"href":"https:\/\/agronoticias.es\/de\/wp-json\/wp\/v2\/categories?post=2146"},{"taxonomy":"post_tag","embeddable":true,"href":"https:\/\/agronoticias.es\/de\/wp-json\/wp\/v2\/tags?post=2146"}],"curies":[{"name":"wp","href":"https:\/\/api.w.org\/{rel}","templated":true}]}}