{"id":2141,"date":"2024-04-22T16:27:27","date_gmt":"2024-04-22T14:27:27","guid":{"rendered":"https:\/\/agronoticias.es\/de\/?p=2141"},"modified":"2024-04-22T16:27:28","modified_gmt":"2024-04-22T14:27:28","slug":"edeka-center-cramer-in-langenhagen-ist-supermarkt-des-jahres-2024","status":"publish","type":"post","link":"https:\/\/agronoticias.es\/de\/edeka-center-cramer-in-langenhagen-ist-supermarkt-des-jahres-2024\/","title":{"rendered":"EDEKA Center Cramer in Langenhagen ist \u201eSupermarkt des Jahres 2024\u201c"},"content":{"rendered":"\n<p>Bei der diesj\u00e4hrigen Wahl zum Supermarkt des Jahres kann sich das EDEKA Center Cramer an der Walsroder Stra\u00dfe 165 \u00fcber den Sieg in der Kategorie \u201eSelbstst\u00e4ndiger Einzelhandel \u00fcber 2.000 Quadratmeter Verkaufsfl\u00e4che\u201c freuen. Der Supermarkt des Jahres z\u00e4hlt zu den renommiertesten Wettbewerben der Lebensmittelbranche und wird vom Lebensmittel Praxis-Verlag in Kooperation mit dem Food-Magazin \u201eessen &amp; trinken\u201c ausgerichtet.<\/p>\n\n\n\n<p>In einem mehrstufigen Auswahlprozess werden die nominierten M\u00e4rkte von einer Fachjury bewertet. Unangemeldet und zun\u00e4chst inkognito werden die Kandidaten gepr\u00fcft. Ein unabh\u00e4ngiges Marktforschungsinstitut f\u00fchrt zudem Verbraucherbefragungen durch, bevor die Jury aus namenhaften Experten ihre Entscheidungen trifft.<\/p>\n\n\n\n<p>Im EDEKA Center Cramer in Langenhagen zeigte sich die Jury beeindruckt von dem modernen Neubau, der auf 2.800 Quadratmetern Verkaufsfl\u00e4che dank hoher Decke und Fenstern an Front und Seiten ein angenehmes Ambiente schafft. Dazu tragen auch die gro\u00dfz\u00fcgigen G\u00e4nge bei. Die Sortimentsbreite und -tiefe mit rund 45.000 Artikeln lassen kaum W\u00fcnsche offen. Regionale Produkte, wie Eier, Honig oder Spargel, sind ebenso fester Bestandteil des Angebotes wie Spezialit\u00e4ten f\u00fcr Feinschmecker, wie Kavier und Tr\u00fcffel. An den Bedientheken ist Hausgemachtes gefragt. So produziert das Team zum Beispiel Bratw\u00fcrste, Pfefferbei\u00dfer, Kohlw\u00fcrste und Fleischk\u00e4se in der hauseigenen Fleischerei nach eigenem Rezept. Das Familienunternehmen Cramer besteht bereits seit \u00fcber 77 Jahren und wird heute in dritter Generation gef\u00fchrt. Im EDEKA Center in Langenhagen sind 125 Mitarbeitende besch\u00e4ftigt.<\/p>\n\n\n\n<p>\u201eAls bester Supermarkt Deutschlands ausgezeichnet zu sein, ist f\u00fcr unser Team eine echte Anerkennung und zeigt, dass sich der Einsatz unserer Mitarbeitenden lohnt. Jeder und jede Einzelne hat mit Leidenschaft und Engagement zu diesem Erfolg beigetragen. Gleichzeitig spornt es uns an, immer weiter zu machen und noch besser zu werden\u201c, freut sich EDEKA-Kaufmann Sebastian Cramer \u00fcber die Auszeichnung. Quelle: Edeka-Verbund<\/p>\n\n\n\n<p>Bildquelle: Peter Eiles\/Ingo Hilger f\u00fcr Lebensmittel Praxis<\/p>\n","protected":false},"excerpt":{"rendered":"<p>Bei der diesj\u00e4hrigen Wahl zum Supermarkt des Jahres kann sich das EDEKA Center Cramer an der Walsroder Stra\u00dfe<\/p>\n","protected":false},"author":1,"featured_media":2142,"comment_status":"closed","ping_status":"closed","sticky":false,"template":"","format":"standard","meta":{"footnotes":""},"categories":[1],"tags":[],"class_list":["post-2141","post","type-post","status-publish","format-standard","has-post-thumbnail","hentry","category-veranstaltungen"],"featured_image_urls":{"full":["https:\/\/agronoticias.es\/de\/wp-content\/uploads\/2024\/04\/Edeka-Bester-Supermarkt-2024.jpg",1000,666,false],"thumbnail":["https:\/\/agronoticias.es\/de\/wp-content\/uploads\/2024\/04\/Edeka-Bester-Supermarkt-2024-150x150.jpg",150,150,true],"medium":["https:\/\/agronoticias.es\/de\/wp-content\/uploads\/2024\/04\/Edeka-Bester-Supermarkt-2024-300x200.jpg",300,200,true],"medium_large":["https:\/\/agronoticias.es\/de\/wp-content\/uploads\/2024\/04\/Edeka-Bester-Supermarkt-2024-768x511.jpg",640,426,true],"large":["https:\/\/agronoticias.es\/de\/wp-content\/uploads\/2024\/04\/Edeka-Bester-Supermarkt-2024.jpg",640,426,false],"1536x1536":["https:\/\/agronoticias.es\/de\/wp-content\/uploads\/2024\/04\/Edeka-Bester-Supermarkt-2024.jpg",1000,666,false],"2048x2048":["https:\/\/agronoticias.es\/de\/wp-content\/uploads\/2024\/04\/Edeka-Bester-Supermarkt-2024.jpg",1000,666,false],"morenews-large":["https:\/\/agronoticias.es\/de\/wp-content\/uploads\/2024\/04\/Edeka-Bester-Supermarkt-2024-825x575.jpg",825,575,true],"morenews-medium":["https:\/\/agronoticias.es\/de\/wp-content\/uploads\/2024\/04\/Edeka-Bester-Supermarkt-2024-590x410.jpg",590,410,true]},"author_info":{"display_name":"admin","author_link":"https:\/\/agronoticias.es\/de\/author\/admin\/"},"category_info":"<a href=\"https:\/\/agronoticias.es\/de\/category\/veranstaltungen\/\" rel=\"category tag\">Veranstaltungen<\/a>","tag_info":"Veranstaltungen","comment_count":"0","_links":{"self":[{"href":"https:\/\/agronoticias.es\/de\/wp-json\/wp\/v2\/posts\/2141","targetHints":{"allow":["GET"]}}],"collection":[{"href":"https:\/\/agronoticias.es\/de\/wp-json\/wp\/v2\/posts"}],"about":[{"href":"https:\/\/agronoticias.es\/de\/wp-json\/wp\/v2\/types\/post"}],"author":[{"embeddable":true,"href":"https:\/\/agronoticias.es\/de\/wp-json\/wp\/v2\/users\/1"}],"replies":[{"embeddable":true,"href":"https:\/\/agronoticias.es\/de\/wp-json\/wp\/v2\/comments?post=2141"}],"version-history":[{"count":1,"href":"https:\/\/agronoticias.es\/de\/wp-json\/wp\/v2\/posts\/2141\/revisions"}],"predecessor-version":[{"id":2143,"href":"https:\/\/agronoticias.es\/de\/wp-json\/wp\/v2\/posts\/2141\/revisions\/2143"}],"wp:featuredmedia":[{"embeddable":true,"href":"https:\/\/agronoticias.es\/de\/wp-json\/wp\/v2\/media\/2142"}],"wp:attachment":[{"href":"https:\/\/agronoticias.es\/de\/wp-json\/wp\/v2\/media?parent=2141"}],"wp:term":[{"taxonomy":"category","embeddable":true,"href":"https:\/\/agronoticias.es\/de\/wp-json\/wp\/v2\/categories?post=2141"},{"taxonomy":"post_tag","embeddable":true,"href":"https:\/\/agronoticias.es\/de\/wp-json\/wp\/v2\/tags?post=2141"}],"curies":[{"name":"wp","href":"https:\/\/api.w.org\/{rel}","templated":true}]}}