{"id":2134,"date":"2024-04-17T10:18:14","date_gmt":"2024-04-17T08:18:14","guid":{"rendered":"https:\/\/agronoticias.es\/de\/?p=2134"},"modified":"2024-04-17T10:18:15","modified_gmt":"2024-04-17T08:18:15","slug":"murcia-og-exporte-in-2023-um-6-gesunken","status":"publish","type":"post","link":"https:\/\/agronoticias.es\/de\/murcia-og-exporte-in-2023-um-6-gesunken\/","title":{"rendered":"Murcia \u2013 O+G-Exporte in 2023 um 6 % gesunken"},"content":{"rendered":"\n<p>Die murcianischen O+G-Exporte erreichten in 2023 ein Volumen von 2.162.979 t. Das sind Angaben von Proexport (Verband der murcianischen O+G-Produzenten und \u2013exporteure) 134.314 t weniger (-5,9%) als in 2022.<\/p>\n\n\n\n<p><a><\/a>Wertm\u00e4\u00dfig wurden 3,085 Mrd Euro erzielt, 5,5 % mehr als 2022, basierend auf den Durchschnittspreisen im Ursprung, einem Teil der gestiegenen Produktions- und Vermarktungskosten und den Auswirkungen des Produktionsr\u00fcckgangs. Dies ist eine \u00e4hnliche Dynamik wie in ganz Spanien, wo die Obst- und Gem\u00fcseausfuhren ebenfalls mengenm\u00e4\u00dfig um 6 % zur\u00fcckgegangen, aber wertm\u00e4\u00dfig auf 16,855 Mrd Euro gestiegen sind.<\/p>\n\n\n\n<p>Europa ist der Hauptabsatzmarkt f\u00fcr murcianisches O+G. Auf Deutschland entfielen in 2023 mit 66.792 t 31 % der gesamten Ausfuhren aus Murcia, gefolgt von Frankreich mit 347.254 t (16%) und Grossbritannien mit 277.136 t (13 %). Obwohl die Produkte in 97 L\u00e4nder der Welt geliefert werden, entfallen 90 % des gesamten Exportvolumens auf die ersten zehn Bestimmungsziele.<\/p>\n\n\n\n<p>Proexport weist darauf hin, dass Murcia (19 % des nationalen Gesamtvolumens) zwar hinter Andalusien und Valencian nach wie vor eine der drei wichtigsten Export-Autonomien (L\u00e4nder) ist, aber ihr Exportvolumen in den letzten f\u00fcnf Jahren deutlich zur\u00fcckgegangen ist. Von 2019 bis 2023 ist es von 2.610.862 t auf aktuelle 2.162.979 t gesunken, d.h. 17,2 % weniger. Auch hier eine \u00e4hnliche Entwicklung wie auf nationaler Ebene. Der R\u00fcckgang bei Obst, einschliesslich Citrus, ist in diesem Zeitraum mit -27,7 % wesentlich h\u00f6her ausgefallen als bei Gem\u00fcse mit -7%.<\/p>\n\n\n\n<p>Was die Ursachen f\u00fcr diese Entwicklung betrifft, so nennt Proexport als wichtigsten Faktor die schwerwiegenden klimatischen Ereignisse, die in den letzten beiden Kampagnen zu verschiedenen Zeiten aufgetreten sind und die Produktionszyklen ver\u00e4ndert haben. Weiter verweist der Verband auf die unerw\u00fcnschten Auswirkungen der strikten agronomischen, phytosanit\u00e4ren und Umwelt- Ma\u00dfnahmen, die dem Agrarsektor durch die \u00dcberregulierung auf regionaler, nationaler und europ\u00e4ischer Ebene auferlegt werden. Zu diesen Auswirkungen geh\u00f6ren erh\u00f6hte Produktionskosten, Einbu\u00dfen in der Produktion, und der zwangsl\u00e4ufige Verlust an Wettbewerbsf\u00e4higkeit gegen\u00fcber Drittl\u00e4ndern. Proexport weist darauf hin, dass die spanischen O+G-Importe in den letzten f\u00fcnf Jahren mengenm\u00e4\u00dfig um 28 % und wertm\u00e4\u00dfig um 51 % gestiegen sind.<\/p>\n\n\n\n<p>Mariano Zapata, Pr\u00e4sident von Proexport, erkl\u00e4rte: \u201eMurcia sowie ganz Spanien leidet unter einem Verlust der Exportkraft, den wir wieder ausgleichen k\u00f6nnen, wenn Ma\u00dfnahmen zur Unterst\u00fctzung des Sektors ergriffen werden, die nicht \u00e4sthetisch sind, sondern der landwirtschaftlichen Realit\u00e4t dieses gro\u00dfen Landes entsprechen\u00bb. Er schl\u00e4gt u.a. vor: \u00abWir m\u00fcssen jetzt die Vereinfachung der Rechtsvorschriften in Europa und Spanien in Angriff nehmen, die Sozialbeitr\u00e4ge im Agrarsektor subventionieren, neue Exportm\u00e4rkte erschlie\u00dfen, die Gemeinschaftspr\u00e4ferenz eindeutig unterst\u00fctzen und das Wasser f\u00fcr die Bew\u00e4sserung in Spanien gerecht verteilen\u00bb.<\/p>\n\n\n\n<p>Die mangelnde Koh\u00e4renz zwischen der Agrar- und der Handelspolitik, die die EU-Erzeuger im Wettbewerb mit Drittl\u00e4ndern benachteiligt, war einer der Hauptkritikpunkte bei den Agrarprotesten, die in den letzten Monaten in Spanien, den Niederlanden, Deutschland und Frankreich stattgefunden haben.<\/p>\n","protected":false},"excerpt":{"rendered":"<p>Die murcianischen O+G-Exporte erreichten in 2023 ein Volumen von 2.162.979 t. Das sind Angaben von Proexport (Verband der<\/p>\n","protected":false},"author":1,"featured_media":2135,"comment_status":"closed","ping_status":"closed","sticky":false,"template":"","format":"standard","meta":{"footnotes":""},"categories":[34],"tags":[],"class_list":["post-2134","post","type-post","status-publish","format-standard","has-post-thumbnail","hentry","category-allgemein"],"featured_image_urls":{"full":["https:\/\/agronoticias.es\/de\/wp-content\/uploads\/2024\/04\/Citrus-Murcia.jpg",1000,664,false],"thumbnail":["https:\/\/agronoticias.es\/de\/wp-content\/uploads\/2024\/04\/Citrus-Murcia-150x150.jpg",150,150,true],"medium":["https:\/\/agronoticias.es\/de\/wp-content\/uploads\/2024\/04\/Citrus-Murcia-300x199.jpg",300,199,true],"medium_large":["https:\/\/agronoticias.es\/de\/wp-content\/uploads\/2024\/04\/Citrus-Murcia-768x510.jpg",640,425,true],"large":["https:\/\/agronoticias.es\/de\/wp-content\/uploads\/2024\/04\/Citrus-Murcia.jpg",640,425,false],"1536x1536":["https:\/\/agronoticias.es\/de\/wp-content\/uploads\/2024\/04\/Citrus-Murcia.jpg",1000,664,false],"2048x2048":["https:\/\/agronoticias.es\/de\/wp-content\/uploads\/2024\/04\/Citrus-Murcia.jpg",1000,664,false],"morenews-large":["https:\/\/agronoticias.es\/de\/wp-content\/uploads\/2024\/04\/Citrus-Murcia-825x575.jpg",825,575,true],"morenews-medium":["https:\/\/agronoticias.es\/de\/wp-content\/uploads\/2024\/04\/Citrus-Murcia-590x410.jpg",590,410,true]},"author_info":{"display_name":"admin","author_link":"https:\/\/agronoticias.es\/de\/author\/admin\/"},"category_info":"<a href=\"https:\/\/agronoticias.es\/de\/category\/allgemein\/\" rel=\"category tag\">Allgemein<\/a>","tag_info":"Allgemein","comment_count":"0","_links":{"self":[{"href":"https:\/\/agronoticias.es\/de\/wp-json\/wp\/v2\/posts\/2134","targetHints":{"allow":["GET"]}}],"collection":[{"href":"https:\/\/agronoticias.es\/de\/wp-json\/wp\/v2\/posts"}],"about":[{"href":"https:\/\/agronoticias.es\/de\/wp-json\/wp\/v2\/types\/post"}],"author":[{"embeddable":true,"href":"https:\/\/agronoticias.es\/de\/wp-json\/wp\/v2\/users\/1"}],"replies":[{"embeddable":true,"href":"https:\/\/agronoticias.es\/de\/wp-json\/wp\/v2\/comments?post=2134"}],"version-history":[{"count":1,"href":"https:\/\/agronoticias.es\/de\/wp-json\/wp\/v2\/posts\/2134\/revisions"}],"predecessor-version":[{"id":2136,"href":"https:\/\/agronoticias.es\/de\/wp-json\/wp\/v2\/posts\/2134\/revisions\/2136"}],"wp:featuredmedia":[{"embeddable":true,"href":"https:\/\/agronoticias.es\/de\/wp-json\/wp\/v2\/media\/2135"}],"wp:attachment":[{"href":"https:\/\/agronoticias.es\/de\/wp-json\/wp\/v2\/media?parent=2134"}],"wp:term":[{"taxonomy":"category","embeddable":true,"href":"https:\/\/agronoticias.es\/de\/wp-json\/wp\/v2\/categories?post=2134"},{"taxonomy":"post_tag","embeddable":true,"href":"https:\/\/agronoticias.es\/de\/wp-json\/wp\/v2\/tags?post=2134"}],"curies":[{"name":"wp","href":"https:\/\/api.w.org\/{rel}","templated":true}]}}