{"id":2130,"date":"2024-04-16T16:40:47","date_gmt":"2024-04-16T14:40:47","guid":{"rendered":"https:\/\/agronoticias.es\/de\/?p=2130"},"modified":"2024-04-16T16:41:36","modified_gmt":"2024-04-16T14:41:36","slug":"markte-am-puls-der-stadt-gfi-deutsche-frischemarkte-e-v-auf-dreitatiger-studienreise-in-barcelona","status":"publish","type":"post","link":"https:\/\/agronoticias.es\/de\/markte-am-puls-der-stadt-gfi-deutsche-frischemarkte-e-v-auf-dreitatiger-studienreise-in-barcelona\/","title":{"rendered":"\u201eM\u00e4rkte: am Puls der Stadt\u201c &#8211; GFI Deutsche Frischem\u00e4rkte e.V. auf dreit\u00e4tiger Studienreise in Barcelona"},"content":{"rendered":"\n<p> <\/p>\n\n\n\n<p>Am Mittwoch startet eine GFI-Delegation aus rund 30 Gro\u00dfmarkt- und Wochenmarktmanagern ihre j\u00e4hrliche Studienreise in die Marktmetropolen Europas. Nach London 2016, Madrid 2017, Athen 2018, Lissabon 2019, Bologna 2022 und Paris 2023 geht es in diesem Jahr nach Barcelona.<\/p>\n\n\n\n<p>Auf dem umfangreichen Programm stehen u.a. der Besuch des Gro\u00dfmarktes MERCABARNA und von 6 Markthallen. Au\u00dferdem gibt es offizielle Treffen mit dem deutschen Generalkonsulat, Germany Trade &amp; Invest und der deutsch-spanischen Handelskammer.<\/p>\n\n\n\n<p>\u201eWieder liegt eine spannende Zeit voller neuer Eindr\u00fccke und Erfahrungen vor uns\u201c, freut sich GFI-Vorstand Rolf Strobel auf die Exkursion in die katalanische Metropole.&nbsp; \u201eDie M\u00e4rkte in Barcelona sind die Hauptdarsteller der Geschichte und der Zukunft der Stadt. Zum einen freuen wir uns riesig auf MERCABARNA, der sich mit einer starken&nbsp; Dynamik zu einem der bedeutenden Food Hubs im Mittelmeerraum entwickelt. Zum anderen nat\u00fcrlich auf die Markthallen, darunter die weltber\u00fchmte Mercat de la Boqueria, aber auch modernisierte und neugestaltete historische M\u00e4rkte wie der Mercat de Sant Antoni und Mercat del Ninot.\u201c<\/p>\n\n\n\n<p>Ziel der GFI-Studienreisen ist der fundierte Erfahrungsaustausch \u00fcber zukunftsf\u00e4hige Marktkonzepte. Unterst\u00fctzung erh\u00e4lt GFI diesmal von den Kolleginnen und Kollegen des Gro\u00dfmarktes MERCABARNA und dem st\u00e4dtischen M\u00e4rkteinstitut IMMB, mit denen \u00fcber die WUWM Weltunion der Gro\u00dfm\u00e4rkte eine tiefe Verbundenheit besteht. Alle sorgen daf\u00fcr, dass die GFI-Mitglieder einen Blick hinter die Kulissen und auf das Management der M\u00e4rkte erhalten und wertvolle Impulse f\u00fcr die eigene Arbeit in Deutschland mitnehmen. Quelle und Foto: GFI<\/p>\n","protected":false},"excerpt":{"rendered":"<p>Am Mittwoch startet eine GFI-Delegation aus rund 30 Gro\u00dfmarkt- und Wochenmarktmanagern ihre j\u00e4hrliche Studienreise in die Marktmetropolen Europas.<\/p>\n","protected":false},"author":1,"featured_media":2131,"comment_status":"closed","ping_status":"closed","sticky":false,"template":"","format":"standard","meta":{"footnotes":""},"categories":[34],"tags":[],"class_list":["post-2130","post","type-post","status-publish","format-standard","has-post-thumbnail","hentry","category-allgemein"],"featured_image_urls":{"full":["https:\/\/agronoticias.es\/de\/wp-content\/uploads\/2024\/04\/gfi_studytrip2024_barca_490.jpg",490,202,false],"thumbnail":["https:\/\/agronoticias.es\/de\/wp-content\/uploads\/2024\/04\/gfi_studytrip2024_barca_490-150x150.jpg",150,150,true],"medium":["https:\/\/agronoticias.es\/de\/wp-content\/uploads\/2024\/04\/gfi_studytrip2024_barca_490-300x124.jpg",300,124,true],"medium_large":["https:\/\/agronoticias.es\/de\/wp-content\/uploads\/2024\/04\/gfi_studytrip2024_barca_490.jpg",490,202,false],"large":["https:\/\/agronoticias.es\/de\/wp-content\/uploads\/2024\/04\/gfi_studytrip2024_barca_490.jpg",490,202,false],"1536x1536":["https:\/\/agronoticias.es\/de\/wp-content\/uploads\/2024\/04\/gfi_studytrip2024_barca_490.jpg",490,202,false],"2048x2048":["https:\/\/agronoticias.es\/de\/wp-content\/uploads\/2024\/04\/gfi_studytrip2024_barca_490.jpg",490,202,false],"morenews-large":["https:\/\/agronoticias.es\/de\/wp-content\/uploads\/2024\/04\/gfi_studytrip2024_barca_490.jpg",490,202,false],"morenews-medium":["https:\/\/agronoticias.es\/de\/wp-content\/uploads\/2024\/04\/gfi_studytrip2024_barca_490.jpg",490,202,false]},"author_info":{"display_name":"admin","author_link":"https:\/\/agronoticias.es\/de\/author\/admin\/"},"category_info":"<a href=\"https:\/\/agronoticias.es\/de\/category\/allgemein\/\" rel=\"category tag\">Allgemein<\/a>","tag_info":"Allgemein","comment_count":"0","_links":{"self":[{"href":"https:\/\/agronoticias.es\/de\/wp-json\/wp\/v2\/posts\/2130","targetHints":{"allow":["GET"]}}],"collection":[{"href":"https:\/\/agronoticias.es\/de\/wp-json\/wp\/v2\/posts"}],"about":[{"href":"https:\/\/agronoticias.es\/de\/wp-json\/wp\/v2\/types\/post"}],"author":[{"embeddable":true,"href":"https:\/\/agronoticias.es\/de\/wp-json\/wp\/v2\/users\/1"}],"replies":[{"embeddable":true,"href":"https:\/\/agronoticias.es\/de\/wp-json\/wp\/v2\/comments?post=2130"}],"version-history":[{"count":2,"href":"https:\/\/agronoticias.es\/de\/wp-json\/wp\/v2\/posts\/2130\/revisions"}],"predecessor-version":[{"id":2133,"href":"https:\/\/agronoticias.es\/de\/wp-json\/wp\/v2\/posts\/2130\/revisions\/2133"}],"wp:featuredmedia":[{"embeddable":true,"href":"https:\/\/agronoticias.es\/de\/wp-json\/wp\/v2\/media\/2131"}],"wp:attachment":[{"href":"https:\/\/agronoticias.es\/de\/wp-json\/wp\/v2\/media?parent=2130"}],"wp:term":[{"taxonomy":"category","embeddable":true,"href":"https:\/\/agronoticias.es\/de\/wp-json\/wp\/v2\/categories?post=2130"},{"taxonomy":"post_tag","embeddable":true,"href":"https:\/\/agronoticias.es\/de\/wp-json\/wp\/v2\/tags?post=2130"}],"curies":[{"name":"wp","href":"https:\/\/api.w.org\/{rel}","templated":true}]}}