{"id":2126,"date":"2024-04-16T15:31:58","date_gmt":"2024-04-16T13:31:58","guid":{"rendered":"https:\/\/agronoticias.es\/de\/?p=2126"},"modified":"2024-04-16T15:31:59","modified_gmt":"2024-04-16T13:31:59","slug":"die-wasserreserven-der-spanischen-talsperren-liegen-bei-666-ihrer-gesamtkapazitat","status":"publish","type":"post","link":"https:\/\/agronoticias.es\/de\/die-wasserreserven-der-spanischen-talsperren-liegen-bei-666-ihrer-gesamtkapazitat\/","title":{"rendered":"Die Wasserreserven der spanischen Talsperren liegen bei 66,6 % ihrer Gesamtkapazit\u00e4t."},"content":{"rendered":"\n<p> <\/p>\n\n\n\n<p>Die Wasserreserven der spanischen Talsperren lagen in KW 16\/2024&nbsp; bei 37.325 hm\u00b3. Das entspricht 66,6 % der Gesamtkapazit\u00e4t&nbsp; und sind 321 hm\u00b3 (0,6 %) mehr als in der Vorwoche. Die Niederschl\u00e4ge waren an der Atlantikseite erheblich w\u00e4hrend es an Mittelmeerseite praktisch nicht geregnet hat. Die h\u00f6chsten Mengen mit &nbsp;37,7 l\/m\u00b2 wurden in Vigo\/Galizien gemessen.<\/p>\n\n\n\n<p>Reserven nach Wassereinzugsgebiete:<\/p>\n\n\n\n<p>Cant\u00e1brico Oriental se encuentra al 89%<\/p>\n\n\n\n<p>Cant\u00e1brico Occidental al 89,6%<\/p>\n\n\n\n<p>Mi\u00f1o-Sil al 87,4%<\/p>\n\n\n\n<p>Galicia Costa al 88,3%<\/p>\n\n\n\n<p>Cuencas internas del Pa\u00eds Vasco al 90,5%<\/p>\n\n\n\n<p>Duero al 92,2%<\/p>\n\n\n\n<p>Tajo al 80,7%<\/p>\n\n\n\n<p>Guadiana al 51,6%<\/p>\n\n\n\n<p>Tinto, Odiel y Piedras al 85,2%<\/p>\n\n\n\n<p>Guadalete-Barbate al 30,5%<\/p>\n\n\n\n<p>Guadalquivir al 46,8%<\/p>\n\n\n\n<p>Cuenca Mediterr\u00e1nea Andaluza al 30,5%<\/p>\n\n\n\n<p>Segura al 24,5%<\/p>\n\n\n\n<p>J\u00facar al 56,6%<\/p>\n\n\n\n<p>Ebro al 75,2%<\/p>\n\n\n\n<p>Cuencas internas de Catalu\u00f1a al 18%<\/p>\n\n\n\n<p>Quelle und Foto: Miteco.es<\/p>\n","protected":false},"excerpt":{"rendered":"<p>Die Wasserreserven der spanischen Talsperren lagen in KW 16\/2024&nbsp; bei 37.325 hm\u00b3. Das entspricht 66,6 % der Gesamtkapazit\u00e4t&nbsp;<\/p>\n","protected":false},"author":1,"featured_media":2127,"comment_status":"closed","ping_status":"closed","sticky":false,"template":"","format":"standard","meta":{"footnotes":""},"categories":[27],"tags":[],"class_list":["post-2126","post","type-post","status-publish","format-standard","has-post-thumbnail","hentry","category-wasser"],"featured_image_urls":{"full":["https:\/\/agronoticias.es\/de\/wp-content\/uploads\/2024\/04\/presa-miteco.png",500,281,false],"thumbnail":["https:\/\/agronoticias.es\/de\/wp-content\/uploads\/2024\/04\/presa-miteco-150x150.png",150,150,true],"medium":["https:\/\/agronoticias.es\/de\/wp-content\/uploads\/2024\/04\/presa-miteco-300x169.png",300,169,true],"medium_large":["https:\/\/agronoticias.es\/de\/wp-content\/uploads\/2024\/04\/presa-miteco.png",500,281,false],"large":["https:\/\/agronoticias.es\/de\/wp-content\/uploads\/2024\/04\/presa-miteco.png",500,281,false],"1536x1536":["https:\/\/agronoticias.es\/de\/wp-content\/uploads\/2024\/04\/presa-miteco.png",500,281,false],"2048x2048":["https:\/\/agronoticias.es\/de\/wp-content\/uploads\/2024\/04\/presa-miteco.png",500,281,false],"morenews-large":["https:\/\/agronoticias.es\/de\/wp-content\/uploads\/2024\/04\/presa-miteco.png",500,281,false],"morenews-medium":["https:\/\/agronoticias.es\/de\/wp-content\/uploads\/2024\/04\/presa-miteco.png",500,281,false]},"author_info":{"display_name":"admin","author_link":"https:\/\/agronoticias.es\/de\/author\/admin\/"},"category_info":"<a href=\"https:\/\/agronoticias.es\/de\/category\/wasser\/\" rel=\"category tag\">Wasser<\/a>","tag_info":"Wasser","comment_count":"0","_links":{"self":[{"href":"https:\/\/agronoticias.es\/de\/wp-json\/wp\/v2\/posts\/2126","targetHints":{"allow":["GET"]}}],"collection":[{"href":"https:\/\/agronoticias.es\/de\/wp-json\/wp\/v2\/posts"}],"about":[{"href":"https:\/\/agronoticias.es\/de\/wp-json\/wp\/v2\/types\/post"}],"author":[{"embeddable":true,"href":"https:\/\/agronoticias.es\/de\/wp-json\/wp\/v2\/users\/1"}],"replies":[{"embeddable":true,"href":"https:\/\/agronoticias.es\/de\/wp-json\/wp\/v2\/comments?post=2126"}],"version-history":[{"count":1,"href":"https:\/\/agronoticias.es\/de\/wp-json\/wp\/v2\/posts\/2126\/revisions"}],"predecessor-version":[{"id":2129,"href":"https:\/\/agronoticias.es\/de\/wp-json\/wp\/v2\/posts\/2126\/revisions\/2129"}],"wp:featuredmedia":[{"embeddable":true,"href":"https:\/\/agronoticias.es\/de\/wp-json\/wp\/v2\/media\/2127"}],"wp:attachment":[{"href":"https:\/\/agronoticias.es\/de\/wp-json\/wp\/v2\/media?parent=2126"}],"wp:term":[{"taxonomy":"category","embeddable":true,"href":"https:\/\/agronoticias.es\/de\/wp-json\/wp\/v2\/categories?post=2126"},{"taxonomy":"post_tag","embeddable":true,"href":"https:\/\/agronoticias.es\/de\/wp-json\/wp\/v2\/tags?post=2126"}],"curies":[{"name":"wp","href":"https:\/\/api.w.org\/{rel}","templated":true}]}}