{"id":2121,"date":"2024-04-16T11:08:22","date_gmt":"2024-04-16T09:08:22","guid":{"rendered":"https:\/\/agronoticias.es\/de\/?p=2121"},"modified":"2024-04-16T11:08:23","modified_gmt":"2024-04-16T09:08:23","slug":"castilla-la-mancha-mehr-wassermelonen-weniger-melonen","status":"publish","type":"post","link":"https:\/\/agronoticias.es\/de\/castilla-la-mancha-mehr-wassermelonen-weniger-melonen\/","title":{"rendered":"Castilla-La Mancha: mehr Wassermelonen, weniger Melonen"},"content":{"rendered":"\n<p>Nach Sch\u00e4tzung der Melonen- und Wassermelonenpreisstelle der Agrarb\u00f6rse von Castilla-La Mancha wird die Anbaufl\u00e4che f\u00fcr Wassermelonen in dieser Saison um 10% steigen w\u00e4hrend sie f\u00fcr Melonen leicht r\u00fcckl\u00e4ufig ist. Im letzten Jahr wurden auf 5.600 ha Melonen angebaut und Wassermelonen auf 3.200 ha. Was die Produktion angeht, k\u00f6nnten Wassermelonen in diesem Jahr jedoch mit Melonen gleichziehen, vorausgesetzt das Wetter spielt mit.<\/p>\n\n\n\n<p>In Castilla-La Mancha haben die Erzeuger bereits mit den Bodenvorbereitungen f\u00fcr die ersten Anpflanzungen begonnen und im Campo kann man schon die ersten Abdeckungen sehen. Die jetzt im April gesetzten Pflanzen werden mit einer W\u00e4rmedecke abgedeckt. Aktuell gehen die Sch\u00e4tzungen davon aus, dass diese Produktionsart leicht zunehmen wird.<\/p>\n\n\n\n<p>Die Preisstelle macht aber diejenigen, die sich f\u00fcr eine so fr\u00fche Pflanzung entscheiden, darauf aufmerksam, dass sie f\u00fcr ihre Produktion M\u00e4rkte suchen m\u00fcssen, da sie Gefahr laufen, sich mit den Kampagnen aus der spanischen Levante zu \u00fcberschneiden, zumal diese Gebiete, deren Kampagne vor der aus La Mancha liegt, sich in diesem Jahr daf\u00fcr entscheiden k\u00f6nnten, mehr ha &#8211; vor allem Wassermelonen &#8211; anzupflanzen, um von den h\u00f6heren Niederschl\u00e4gen und der Flexibilisierung der GAP zu profitieren. Daher ruft der Sektor zur Besonnenheit bei der Pflanzung auf und betont, wie wichtig es ist, das Angebot an die Nachfrage anzupassen, den Anbau so zu staffeln, dass die Ernte zwischen dem 15. Juli und dem 30. September zur Verf\u00fcgung steht, und so weit wie m\u00f6glich jedes auf und ab zu vermeiden, was zu einem Preisverfall f\u00fchren w\u00fcrde.<\/p>\n\n\n\n<p> Der Sektor hofft, dass sich die Exportm\u00e4rkte \u00e4hnlich verhalten wie in den vergangenen Jahren, vorausgesetzt, das Wetter in Europa ist f\u00fcr den Konsum dieser Fr\u00fcchte g\u00fcnstig. Die Nachfrage nach Wassermelonen k\u00f6nnte weiter steigen und die nach Melonen stabil bleiben. Hervorzuheben die hohe Qualit\u00e4t, die diese Produkte aus La Mancha in den letzten Jahren erreicht haben, weshalb der Sektor hofft, dass es keine \u00dcberraschungen geben wird und die Preise im Einklang stehen. <\/p>\n","protected":false},"excerpt":{"rendered":"<p>Nach Sch\u00e4tzung der Melonen- und Wassermelonenpreisstelle der Agrarb\u00f6rse von Castilla-La Mancha wird die Anbaufl\u00e4che f\u00fcr Wassermelonen in dieser<\/p>\n","protected":false},"author":1,"featured_media":2123,"comment_status":"closed","ping_status":"closed","sticky":false,"template":"","format":"standard","meta":{"footnotes":""},"categories":[34],"tags":[],"class_list":["post-2121","post","type-post","status-publish","format-standard","has-post-thumbnail","hentry","category-allgemein"],"featured_image_urls":{"full":["https:\/\/agronoticias.es\/de\/wp-content\/uploads\/2024\/04\/melonclm.jpg",1193,904,false],"thumbnail":["https:\/\/agronoticias.es\/de\/wp-content\/uploads\/2024\/04\/melonclm-150x150.jpg",150,150,true],"medium":["https:\/\/agronoticias.es\/de\/wp-content\/uploads\/2024\/04\/melonclm-300x227.jpg",300,227,true],"medium_large":["https:\/\/agronoticias.es\/de\/wp-content\/uploads\/2024\/04\/melonclm-768x582.jpg",640,485,true],"large":["https:\/\/agronoticias.es\/de\/wp-content\/uploads\/2024\/04\/melonclm-1024x776.jpg",640,485,true],"1536x1536":["https:\/\/agronoticias.es\/de\/wp-content\/uploads\/2024\/04\/melonclm.jpg",1193,904,false],"2048x2048":["https:\/\/agronoticias.es\/de\/wp-content\/uploads\/2024\/04\/melonclm.jpg",1193,904,false],"morenews-large":["https:\/\/agronoticias.es\/de\/wp-content\/uploads\/2024\/04\/melonclm-825x575.jpg",825,575,true],"morenews-medium":["https:\/\/agronoticias.es\/de\/wp-content\/uploads\/2024\/04\/melonclm-590x410.jpg",590,410,true]},"author_info":{"display_name":"admin","author_link":"https:\/\/agronoticias.es\/de\/author\/admin\/"},"category_info":"<a href=\"https:\/\/agronoticias.es\/de\/category\/allgemein\/\" rel=\"category tag\">Allgemein<\/a>","tag_info":"Allgemein","comment_count":"0","_links":{"self":[{"href":"https:\/\/agronoticias.es\/de\/wp-json\/wp\/v2\/posts\/2121","targetHints":{"allow":["GET"]}}],"collection":[{"href":"https:\/\/agronoticias.es\/de\/wp-json\/wp\/v2\/posts"}],"about":[{"href":"https:\/\/agronoticias.es\/de\/wp-json\/wp\/v2\/types\/post"}],"author":[{"embeddable":true,"href":"https:\/\/agronoticias.es\/de\/wp-json\/wp\/v2\/users\/1"}],"replies":[{"embeddable":true,"href":"https:\/\/agronoticias.es\/de\/wp-json\/wp\/v2\/comments?post=2121"}],"version-history":[{"count":1,"href":"https:\/\/agronoticias.es\/de\/wp-json\/wp\/v2\/posts\/2121\/revisions"}],"predecessor-version":[{"id":2124,"href":"https:\/\/agronoticias.es\/de\/wp-json\/wp\/v2\/posts\/2121\/revisions\/2124"}],"wp:featuredmedia":[{"embeddable":true,"href":"https:\/\/agronoticias.es\/de\/wp-json\/wp\/v2\/media\/2123"}],"wp:attachment":[{"href":"https:\/\/agronoticias.es\/de\/wp-json\/wp\/v2\/media?parent=2121"}],"wp:term":[{"taxonomy":"category","embeddable":true,"href":"https:\/\/agronoticias.es\/de\/wp-json\/wp\/v2\/categories?post=2121"},{"taxonomy":"post_tag","embeddable":true,"href":"https:\/\/agronoticias.es\/de\/wp-json\/wp\/v2\/tags?post=2121"}],"curies":[{"name":"wp","href":"https:\/\/api.w.org\/{rel}","templated":true}]}}