{"id":2104,"date":"2024-04-12T11:27:51","date_gmt":"2024-04-12T09:27:51","guid":{"rendered":"https:\/\/agronoticias.es\/de\/?p=2104"},"modified":"2024-04-12T11:27:51","modified_gmt":"2024-04-12T09:27:51","slug":"valencia-green-fruits-steigert-umsatz-um-12-und-erzielt-gewinn-von-14-millionen-euro","status":"publish","type":"post","link":"https:\/\/agronoticias.es\/de\/valencia-green-fruits-steigert-umsatz-um-12-und-erzielt-gewinn-von-14-millionen-euro\/","title":{"rendered":"Valencia &#8211; Green Fruits steigert Umsatz um 12% und erzielt Gewinn von 1,4 Millionen Euro"},"content":{"rendered":"\n<p>Die durch die Integration entstandenen Synergien wurden Ende M\u00e4rz bei der Generalversammlung der Mitglieder von Green Fruits Coop. V. deutlich, als der Jahresabschluss f\u00fcr die Saison 2022-2023 genehmigt wurde. Mehr Umsatz, effizienteres Management, Kostensenkungen, ein Gewinn von mehr als 1,4 Mio Euro und eine um 6% h\u00f6here Abrechnung an die Erzeugermitglieder sind einige der Resultate, die von der Genossenschafts 2. Grades mit Sitz in Oliva (Valencia) pr\u00e4sentiert wurden. Green Fruits ist im Citrusbereich wichtigstes Genossenschaftsmitglied von Anecoop.<\/p>\n\n\n\n<p>Green Fruits entstand im April 2018 aus dem Zusammenschluss von drei Citrusunternehmen: Cooperativa Citr\u00edcola de La Safor\/Gand\u00eda, S.A.T. Novacitrus\/ Oliva und Cooperativa Agr\u00edcola de Pego\/Alicante, die beschlossen, ihre Kr\u00e4fte zu b\u00fcndeln, um ihr Management und Wachstum zu optimieren. Im Jahr 2021 schloss sich Copal mit Sitz in Algemes\u00ed\/Valencia an, und im Oktober 2022 erfolgte die Eingliederung von Alzicoop\/Valencia.<\/p>\n\n\n\n<p>Im Juni 2023 setzte Green Fruits seinen Entwicklungsprozess durch ein Kooperationsabkommen mit Soex2 fort, in dessen Rahmen sich die Genossenschaft zur Vermarktung ihrer Produktion, \u00fcberwiegend Clementinen der Sorte Clemenules, verpflichtete.<\/p>\n\n\n\n<p>Durch die verschiedenen Integrationsprozesse ist das Absatzvolumen von Green Fruits auf rund 115.000 Tonnen gestiegen, haupts\u00e4chlich Citrusfr\u00fcchte wie Orangen und Mandarinen<\/p>\n\n\n\n<p>Auf derselben Linie wie die k\u00fcrzlich von Anecoop vorgelegten Ergebnissen f\u00fcr das Gesch\u00e4ftsjahr 2022-2023 konnte auch Green Fruits seinen Umsatz steigern und erreichte 55 Mio Euro. Dies entspricht einem Wachstum von 11,9 % im Vergleich zum Vorjahr, obwohl das Volumen in Kilogramm zur\u00fcckgegangen ist. \u00abDiese Ergebnisse trotz der geopolitischen Lage, der Inflationstendenzen und der Auswirkungen des Klimawandels auf die Landwirtschaft vorlegen zu k\u00f6nnen, ist die beste Verteidigung des Genossenschaftswesens\u00bb, bekr\u00e4ftigt Josep Vicent Salort, Pr\u00e4sident von Green Fruits. \u00abUnd nicht nur das\u00bb, f\u00fcgt er hinzu, \u00abes zeichnet ein vielversprechendes Szenario f\u00fcr dieses Modell. Wenn dies die Ergebnisse sind, die unter ung\u00fcnstigen Umst\u00e4nden erzielt wurden, was k\u00f6nnten wir dann in einem besseren Szenario erreichen?\u201c<\/p>\n\n\n\n<p>Die Synergien zwischen den Packh\u00e4usern der verschiedenen Unternehmen, die zu Green Fruits geh\u00f6ren, haben es erm\u00f6glicht, die Konfektion der Produkte zu optimieren. Dies ist nur ein Beispiel f\u00fcr die Vorteile einer effizienten Verwaltung und Kostenreduzierung, die die Integration mit sich bringt.<\/p>\n\n\n\n<p>In diesem Zusammenhang ist auch die Produktdiversifizierung hervorzuheben, die durch die j\u00fcngsten Angebotserweiterungen von Kaki und Avocados erreicht wurde, und das Portfolio von Green Fruits aufwertet.<\/p>\n\n\n\n<p> Der von Green Fruits begonnene Prozess wurde von Anfang an von Anecoop gef\u00f6rdert und unterst\u00fctzt, da die Genossenschaften, mit denen das Projekt gestartet wurde, Teil der internen Unternehmensgruppe waren, die die Genossenschaft 2. Grades 2003 gegr\u00fcndet hat. \u00abWir sind stolz auf den Erfolg unserer Mitglieder; er ist die Best\u00e4tigung f\u00fcr ein Modell, das wirtschaftliche Rentabilit\u00e4t erreicht, ohne sein Engagement f\u00fcr die Gemeinschaft aufzugeben\u00bb, sagt Alejandro Monz\u00f3n, Pr\u00e4sident von Anecoop. <\/p>\n","protected":false},"excerpt":{"rendered":"<p>Die durch die Integration entstandenen Synergien wurden Ende M\u00e4rz bei der Generalversammlung der Mitglieder von Green Fruits Coop.<\/p>\n","protected":false},"author":1,"featured_media":2105,"comment_status":"closed","ping_status":"closed","sticky":false,"template":"","format":"standard","meta":{"footnotes":""},"categories":[34],"tags":[],"class_list":["post-2104","post","type-post","status-publish","format-standard","has-post-thumbnail","hentry","category-allgemein"],"featured_image_urls":{"full":["https:\/\/agronoticias.es\/de\/wp-content\/uploads\/2024\/04\/Linea-citricos-Green-Fruits-4.jpg",2016,1512,false],"thumbnail":["https:\/\/agronoticias.es\/de\/wp-content\/uploads\/2024\/04\/Linea-citricos-Green-Fruits-4-150x150.jpg",150,150,true],"medium":["https:\/\/agronoticias.es\/de\/wp-content\/uploads\/2024\/04\/Linea-citricos-Green-Fruits-4-300x225.jpg",300,225,true],"medium_large":["https:\/\/agronoticias.es\/de\/wp-content\/uploads\/2024\/04\/Linea-citricos-Green-Fruits-4-768x576.jpg",640,480,true],"large":["https:\/\/agronoticias.es\/de\/wp-content\/uploads\/2024\/04\/Linea-citricos-Green-Fruits-4-1024x768.jpg",640,480,true],"1536x1536":["https:\/\/agronoticias.es\/de\/wp-content\/uploads\/2024\/04\/Linea-citricos-Green-Fruits-4-1536x1152.jpg",1536,1152,true],"2048x2048":["https:\/\/agronoticias.es\/de\/wp-content\/uploads\/2024\/04\/Linea-citricos-Green-Fruits-4.jpg",2016,1512,false],"morenews-large":["https:\/\/agronoticias.es\/de\/wp-content\/uploads\/2024\/04\/Linea-citricos-Green-Fruits-4-825x575.jpg",825,575,true],"morenews-medium":["https:\/\/agronoticias.es\/de\/wp-content\/uploads\/2024\/04\/Linea-citricos-Green-Fruits-4-590x410.jpg",590,410,true]},"author_info":{"display_name":"admin","author_link":"https:\/\/agronoticias.es\/de\/author\/admin\/"},"category_info":"<a href=\"https:\/\/agronoticias.es\/de\/category\/allgemein\/\" rel=\"category tag\">Allgemein<\/a>","tag_info":"Allgemein","comment_count":"0","_links":{"self":[{"href":"https:\/\/agronoticias.es\/de\/wp-json\/wp\/v2\/posts\/2104","targetHints":{"allow":["GET"]}}],"collection":[{"href":"https:\/\/agronoticias.es\/de\/wp-json\/wp\/v2\/posts"}],"about":[{"href":"https:\/\/agronoticias.es\/de\/wp-json\/wp\/v2\/types\/post"}],"author":[{"embeddable":true,"href":"https:\/\/agronoticias.es\/de\/wp-json\/wp\/v2\/users\/1"}],"replies":[{"embeddable":true,"href":"https:\/\/agronoticias.es\/de\/wp-json\/wp\/v2\/comments?post=2104"}],"version-history":[{"count":1,"href":"https:\/\/agronoticias.es\/de\/wp-json\/wp\/v2\/posts\/2104\/revisions"}],"predecessor-version":[{"id":2106,"href":"https:\/\/agronoticias.es\/de\/wp-json\/wp\/v2\/posts\/2104\/revisions\/2106"}],"wp:featuredmedia":[{"embeddable":true,"href":"https:\/\/agronoticias.es\/de\/wp-json\/wp\/v2\/media\/2105"}],"wp:attachment":[{"href":"https:\/\/agronoticias.es\/de\/wp-json\/wp\/v2\/media?parent=2104"}],"wp:term":[{"taxonomy":"category","embeddable":true,"href":"https:\/\/agronoticias.es\/de\/wp-json\/wp\/v2\/categories?post=2104"},{"taxonomy":"post_tag","embeddable":true,"href":"https:\/\/agronoticias.es\/de\/wp-json\/wp\/v2\/tags?post=2104"}],"curies":[{"name":"wp","href":"https:\/\/api.w.org\/{rel}","templated":true}]}}