{"id":2087,"date":"2024-04-11T09:45:16","date_gmt":"2024-04-11T07:45:16","guid":{"rendered":"https:\/\/agronoticias.es\/de\/?p=2087"},"modified":"2024-04-11T09:47:14","modified_gmt":"2024-04-11T07:47:14","slug":"die-wasserreserven-der-spanischen-talsperren-liegen-bei-66-ihrer-gesamtkapazitat","status":"publish","type":"post","link":"https:\/\/agronoticias.es\/de\/die-wasserreserven-der-spanischen-talsperren-liegen-bei-66-ihrer-gesamtkapazitat\/","title":{"rendered":"\u00a0Die Wasserreserven der spanischen Talsperren liegen bei 66% ihrer Gesamtkapazit\u00e4t."},"content":{"rendered":"\n<p>Die Wasserreserven der spanischen Talsperren lagen in KW 15\/2024&nbsp; bei 36.992 hm\u00b3. Das entspricht 66 % der Gesamtkapazit\u00e4t&nbsp; und sind 1.591 hm\u00b3 (2,8%) mehr als in der Vorwoche. Die Niederschl\u00e4ge waren an der Atlantikseite erheblich w\u00e4hrend es an Mittelmeerseite praktisch nicht geregnet hat. Die h\u00f6chsten Mengen mit &nbsp;66,2 l\/m\u00b2 wurden in Pontevedra gemessen.<\/p>\n\n\n\n<p>Reserven nach Wassereinzugsgebiete:<\/p>\n\n\n\n<p>Cant\u00e1brico Oriental se encuentra al 91,8%<\/p>\n\n\n\n<p>Cant\u00e1brico Occidental al 87,6%<\/p>\n\n\n\n<p>Mi\u00f1o-Sil al 87,3%<\/p>\n\n\n\n<p>Galicia Costa al 88,9%<\/p>\n\n\n\n<p>Cuencas internas del Pa\u00eds Vasco al 90,5%<\/p>\n\n\n\n<p>Duero al 91%<\/p>\n\n\n\n<p>Tajo al 80,3%<\/p>\n\n\n\n<p>Guadiana al 51,2%<\/p>\n\n\n\n<p>Tinto, Odiel y Piedras al 85,2%<\/p>\n\n\n\n<p>Guadalete-Barbate al 29,9%<\/p>\n\n\n\n<p>Guadalquivir al 46,2%<\/p>\n\n\n\n<p>Cuenca Mediterr\u00e1nea Andaluza al 29,4%<\/p>\n\n\n\n<p>Segura al 24,3%<\/p>\n\n\n\n<p>J\u00facar al 55,8%<\/p>\n\n\n\n<p>Ebro al 74,8%<\/p>\n\n\n\n<p>Cuencas internas de Catalu\u00f1a al 17,6%<\/p>\n\n\n\n<p>Quelle: miteco.es<\/p>\n\n\n\n<p><strong>\u00a0<\/strong><\/p>\n","protected":false},"excerpt":{"rendered":"<p>Die Wasserreserven der spanischen Talsperren lagen in KW 15\/2024&nbsp; bei 36.992 hm\u00b3. Das entspricht 66 % der Gesamtkapazit\u00e4t&nbsp;<\/p>\n","protected":false},"author":1,"featured_media":2088,"comment_status":"closed","ping_status":"closed","sticky":false,"template":"","format":"standard","meta":{"footnotes":""},"categories":[27],"tags":[],"class_list":["post-2087","post","type-post","status-publish","format-standard","has-post-thumbnail","hentry","category-wasser"],"featured_image_urls":{"full":["https:\/\/agronoticias.es\/de\/wp-content\/uploads\/2024\/04\/pantano-cataluna-300x169-1.jpg",300,169,false],"thumbnail":["https:\/\/agronoticias.es\/de\/wp-content\/uploads\/2024\/04\/pantano-cataluna-300x169-1-150x150.jpg",150,150,true],"medium":["https:\/\/agronoticias.es\/de\/wp-content\/uploads\/2024\/04\/pantano-cataluna-300x169-1.jpg",300,169,false],"medium_large":["https:\/\/agronoticias.es\/de\/wp-content\/uploads\/2024\/04\/pantano-cataluna-300x169-1.jpg",300,169,false],"large":["https:\/\/agronoticias.es\/de\/wp-content\/uploads\/2024\/04\/pantano-cataluna-300x169-1.jpg",300,169,false],"1536x1536":["https:\/\/agronoticias.es\/de\/wp-content\/uploads\/2024\/04\/pantano-cataluna-300x169-1.jpg",300,169,false],"2048x2048":["https:\/\/agronoticias.es\/de\/wp-content\/uploads\/2024\/04\/pantano-cataluna-300x169-1.jpg",300,169,false],"morenews-large":["https:\/\/agronoticias.es\/de\/wp-content\/uploads\/2024\/04\/pantano-cataluna-300x169-1.jpg",300,169,false],"morenews-medium":["https:\/\/agronoticias.es\/de\/wp-content\/uploads\/2024\/04\/pantano-cataluna-300x169-1.jpg",300,169,false]},"author_info":{"display_name":"admin","author_link":"https:\/\/agronoticias.es\/de\/author\/admin\/"},"category_info":"<a href=\"https:\/\/agronoticias.es\/de\/category\/wasser\/\" rel=\"category tag\">Wasser<\/a>","tag_info":"Wasser","comment_count":"0","_links":{"self":[{"href":"https:\/\/agronoticias.es\/de\/wp-json\/wp\/v2\/posts\/2087","targetHints":{"allow":["GET"]}}],"collection":[{"href":"https:\/\/agronoticias.es\/de\/wp-json\/wp\/v2\/posts"}],"about":[{"href":"https:\/\/agronoticias.es\/de\/wp-json\/wp\/v2\/types\/post"}],"author":[{"embeddable":true,"href":"https:\/\/agronoticias.es\/de\/wp-json\/wp\/v2\/users\/1"}],"replies":[{"embeddable":true,"href":"https:\/\/agronoticias.es\/de\/wp-json\/wp\/v2\/comments?post=2087"}],"version-history":[{"count":2,"href":"https:\/\/agronoticias.es\/de\/wp-json\/wp\/v2\/posts\/2087\/revisions"}],"predecessor-version":[{"id":2090,"href":"https:\/\/agronoticias.es\/de\/wp-json\/wp\/v2\/posts\/2087\/revisions\/2090"}],"wp:featuredmedia":[{"embeddable":true,"href":"https:\/\/agronoticias.es\/de\/wp-json\/wp\/v2\/media\/2088"}],"wp:attachment":[{"href":"https:\/\/agronoticias.es\/de\/wp-json\/wp\/v2\/media?parent=2087"}],"wp:term":[{"taxonomy":"category","embeddable":true,"href":"https:\/\/agronoticias.es\/de\/wp-json\/wp\/v2\/categories?post=2087"},{"taxonomy":"post_tag","embeddable":true,"href":"https:\/\/agronoticias.es\/de\/wp-json\/wp\/v2\/tags?post=2087"}],"curies":[{"name":"wp","href":"https:\/\/api.w.org\/{rel}","templated":true}]}}