{"id":2084,"date":"2024-04-09T15:55:31","date_gmt":"2024-04-09T13:55:31","guid":{"rendered":"https:\/\/agronoticias.es\/de\/?p=2084"},"modified":"2024-04-09T15:55:32","modified_gmt":"2024-04-09T13:55:32","slug":"initiative-der-edeka-stiftung-aus-der-erde-auf-die-teller-kita-projekt-gemusebeete-fur-kids-geht-in-die-nachste-runde","status":"publish","type":"post","link":"https:\/\/agronoticias.es\/de\/initiative-der-edeka-stiftung-aus-der-erde-auf-die-teller-kita-projekt-gemusebeete-fur-kids-geht-in-die-nachste-runde\/","title":{"rendered":"Initiative der EDEKA Stiftung Aus der Erde, auf die Teller: Kita-Projekt \u201eGem\u00fcsebeete f\u00fcr Kids\u201c geht in die n\u00e4chste Runde"},"content":{"rendered":"\n<p> <\/p>\n\n\n\n<p> <\/p>\n\n\n\n<p>Es geht wieder los: Heute f\u00e4llt der Startschuss f\u00fcr die diesj\u00e4hrige Pflanzsaison des Kita-Projektes \u201eGem\u00fcsebeete f\u00fcr Kids\u201c. Bundesweit werden in diesem Jahr \u00fcber 3.000 Beete in Kinderg\u00e4rten und Kitas unter Initiative der EDEKA Stiftung mit knackigem Gem\u00fcse und frischen Salaten bepflanzt. Daf\u00fcr stehen \u00fcber eine Million Liter Erde, mehr als 84.000 Setzlinge und \u00fcber 5.600 Saatt\u00fcten bereit. Mit dem Projekt setzt sich die EDEKA Stiftung seit 2008 f\u00fcr Ern\u00e4hrungsbildung und mehr Lebensmittelwertsch\u00e4tzung bei Kindern ein. Allein in diesem Jahr wird das Projekt rund 240.000 Kinder erreichen.<\/p>\n\n\n\n<p>\u201eEs gibt unz\u00e4hlige Lernmaterialien und B\u00fccher, die Kindern das Thema gesunde Ern\u00e4hrung n\u00e4herbringen. Wir glauben aber, dass kein Lernen nachhaltiger ist, als das direkte Erleben. Die Kids erfahren an den Gem\u00fcsebeeten mit allen Sinnen, wie aufw\u00e4ndig es etwa ist, Gem\u00fcse anzupflanzen und wie wertvoll unsere Lebensmittel daher sind\u201c, so Markus Mosa, Vorstand der EDEKA Stiftung. \u201eZeitgleich vermittelt das Projekt auf spielerische Weise, wie ausgewogene Ern\u00e4hrung funktioniert und wieso Radieschen, Kohlrabi und Co. auf unserem t\u00e4glichen Speiseplan stehen sollten\u201c.<\/p>\n\n\n\n<p>\u201eGem\u00fcsebeete f\u00fcr Kids\u201c ist seit 16 Jahren fester Bestandteil der Initiative \u201eAus Liebe zum Nachwuchs\u201c der EDEKA Stiftung. F\u00fcr das Projekt stellt die EDEKA Stiftung Gem\u00fcsehochbeete f\u00fcr die Kita-G\u00e4rten bereit, die von den Vorsch\u00fcler:innen gehegt und gepflegt werden. Unterst\u00fctzt werden sie dabei von bundesweit 1.350 lokalen EDEKA-Kaufleuten, die als Pat:innen bei der Bepflanzung, Pflege und Ernte der Hochbeete helfen. Urspr\u00fcnglich f\u00fcr sozial benachteiligte Stadtteile konzipiert, wurde das Projekt inzwischen bundesweit ausgerollt. Kitas k\u00f6nnen sich f\u00fcr eine Teilnahme 2025 noch bis zum 30.06.24 unter folgendem Link bewerben: https:\/\/stiftung.edeka\/<\/p>\n\n\n\n<p>2016 wurde \u201eGem\u00fcsebeete f\u00fcr Kids\u201c in die Initiative \u201eIN FORM \u2013 Deutschlands Initiative f\u00fcr gesunde Ern\u00e4hrung und mehr Bewegung\u201d des Bundesministeriums f\u00fcr Ern\u00e4hrung und Landwirtschaft sowie f\u00fcr Gesundheit aufgenommen. Quelle und Foto: Edeka<\/p>\n","protected":false},"excerpt":{"rendered":"<p>Es geht wieder los: Heute f\u00e4llt der Startschuss f\u00fcr die diesj\u00e4hrige Pflanzsaison des Kita-Projektes \u201eGem\u00fcsebeete f\u00fcr Kids\u201c. Bundesweit<\/p>\n","protected":false},"author":1,"featured_media":2085,"comment_status":"closed","ping_status":"closed","sticky":false,"template":"","format":"standard","meta":{"footnotes":""},"categories":[34],"tags":[],"class_list":["post-2084","post","type-post","status-publish","format-standard","has-post-thumbnail","hentry","category-allgemein"],"featured_image_urls":{"full":["https:\/\/agronoticias.es\/de\/wp-content\/uploads\/2024\/04\/edeka_motiv_gemusebeete-fur-kids_saisonstart-2024.jpg",500,333,false],"thumbnail":["https:\/\/agronoticias.es\/de\/wp-content\/uploads\/2024\/04\/edeka_motiv_gemusebeete-fur-kids_saisonstart-2024-150x150.jpg",150,150,true],"medium":["https:\/\/agronoticias.es\/de\/wp-content\/uploads\/2024\/04\/edeka_motiv_gemusebeete-fur-kids_saisonstart-2024-300x200.jpg",300,200,true],"medium_large":["https:\/\/agronoticias.es\/de\/wp-content\/uploads\/2024\/04\/edeka_motiv_gemusebeete-fur-kids_saisonstart-2024.jpg",500,333,false],"large":["https:\/\/agronoticias.es\/de\/wp-content\/uploads\/2024\/04\/edeka_motiv_gemusebeete-fur-kids_saisonstart-2024.jpg",500,333,false],"1536x1536":["https:\/\/agronoticias.es\/de\/wp-content\/uploads\/2024\/04\/edeka_motiv_gemusebeete-fur-kids_saisonstart-2024.jpg",500,333,false],"2048x2048":["https:\/\/agronoticias.es\/de\/wp-content\/uploads\/2024\/04\/edeka_motiv_gemusebeete-fur-kids_saisonstart-2024.jpg",500,333,false],"morenews-large":["https:\/\/agronoticias.es\/de\/wp-content\/uploads\/2024\/04\/edeka_motiv_gemusebeete-fur-kids_saisonstart-2024.jpg",500,333,false],"morenews-medium":["https:\/\/agronoticias.es\/de\/wp-content\/uploads\/2024\/04\/edeka_motiv_gemusebeete-fur-kids_saisonstart-2024.jpg",500,333,false]},"author_info":{"display_name":"admin","author_link":"https:\/\/agronoticias.es\/de\/author\/admin\/"},"category_info":"<a href=\"https:\/\/agronoticias.es\/de\/category\/allgemein\/\" rel=\"category tag\">Allgemein<\/a>","tag_info":"Allgemein","comment_count":"0","_links":{"self":[{"href":"https:\/\/agronoticias.es\/de\/wp-json\/wp\/v2\/posts\/2084","targetHints":{"allow":["GET"]}}],"collection":[{"href":"https:\/\/agronoticias.es\/de\/wp-json\/wp\/v2\/posts"}],"about":[{"href":"https:\/\/agronoticias.es\/de\/wp-json\/wp\/v2\/types\/post"}],"author":[{"embeddable":true,"href":"https:\/\/agronoticias.es\/de\/wp-json\/wp\/v2\/users\/1"}],"replies":[{"embeddable":true,"href":"https:\/\/agronoticias.es\/de\/wp-json\/wp\/v2\/comments?post=2084"}],"version-history":[{"count":1,"href":"https:\/\/agronoticias.es\/de\/wp-json\/wp\/v2\/posts\/2084\/revisions"}],"predecessor-version":[{"id":2086,"href":"https:\/\/agronoticias.es\/de\/wp-json\/wp\/v2\/posts\/2084\/revisions\/2086"}],"wp:featuredmedia":[{"embeddable":true,"href":"https:\/\/agronoticias.es\/de\/wp-json\/wp\/v2\/media\/2085"}],"wp:attachment":[{"href":"https:\/\/agronoticias.es\/de\/wp-json\/wp\/v2\/media?parent=2084"}],"wp:term":[{"taxonomy":"category","embeddable":true,"href":"https:\/\/agronoticias.es\/de\/wp-json\/wp\/v2\/categories?post=2084"},{"taxonomy":"post_tag","embeddable":true,"href":"https:\/\/agronoticias.es\/de\/wp-json\/wp\/v2\/tags?post=2084"}],"curies":[{"name":"wp","href":"https:\/\/api.w.org\/{rel}","templated":true}]}}