{"id":2076,"date":"2024-04-09T12:34:33","date_gmt":"2024-04-09T10:34:33","guid":{"rendered":"https:\/\/agronoticias.es\/de\/?p=2076"},"modified":"2024-04-09T12:35:12","modified_gmt":"2024-04-09T10:35:12","slug":"royal-startet-im-april-mit-dem-ersten-steinobst","status":"publish","type":"post","link":"https:\/\/agronoticias.es\/de\/royal-startet-im-april-mit-dem-ersten-steinobst\/","title":{"rendered":"Royal startet im April mit dem ersten Steinobst"},"content":{"rendered":"\n<p>Die Steinobstsaison in den sevillanischen Kulturen ist bereits Realit\u00e4t. Das internationale Unternehmen Royal, das von Sevilla aus in die halbe Welt exportiert, hat nach eigenen Angaben schon mit der Ernte der ersten reifen Fr\u00fcchte begonnen.<\/p>\n\n\n\n<p>Durch die j\u00fcngsten und lang erwarteten Niederschl\u00e4ge sowie dem kalten Winter 2024 haben sich die Fr\u00fcchte hervorragend entwickelt. In diesem Jahr wird es eine Produktion mit guten Gr\u00f6ssen geben. Die Ernte wurde mit Fr\u00fcchten der Kaliber A und einem gute Reifegrad begonnen.<\/p>\n\n\n\n<p>In dieser Saison rechnet das Unternehmen aus Sevilla mit einer Ernte hervorragender Qualit\u00e4ts-Fr\u00fcchte, deren Reife den Bed\u00fcrfnissen und der Nachfrage der verschiedenen M\u00e4rkte, auf denen sie pr\u00e4sent sind, entspricht.<\/p>\n\n\n\n<p>Ab der zweiten Aprilwoche wird Royal Steinobst in den verschiedenen Farben seines Sortiments in die Regale bringen: Pfirsiche und Nektarinen mit gelbem und weissen Fruchtfleisch. Royal: \u201cAlle bieten das Farbenmix, das Royal im Laufe seines halben Jahrhunderts der Firmengeschichte dank seiner intensiven und charakteristischen Forschungsarbeit zur Gewinnung neuer Sorten erzielt hat. Eine grosse Anstrengung, um einem immer anspruchsvolleren Verbraucher schmackhaftes und gesundes Obst anzubieten, das reich an N\u00e4hrstoffen und Vitaminen ist.\u201c Das Ergebnis dieser intensiven Forschung nach neuen Sorten ist die Nektarine Sanguina, die nun schon das dritte Jahr in Folge zu den am meisten erwarteten Sorten der Saison geh\u00f6rt. <\/p>\n","protected":false},"excerpt":{"rendered":"<p>Die Steinobstsaison in den sevillanischen Kulturen ist bereits Realit\u00e4t. Das internationale Unternehmen Royal, das von Sevilla aus in<\/p>\n","protected":false},"author":1,"featured_media":2077,"comment_status":"closed","ping_status":"closed","sticky":false,"template":"","format":"standard","meta":{"footnotes":""},"categories":[34],"tags":[],"class_list":["post-2076","post","type-post","status-publish","format-standard","has-post-thumbnail","hentry","category-allgemein"],"featured_image_urls":{"full":["https:\/\/agronoticias.es\/de\/wp-content\/uploads\/2024\/04\/royalfrutahueso2024.jpeg",640,480,false],"thumbnail":["https:\/\/agronoticias.es\/de\/wp-content\/uploads\/2024\/04\/royalfrutahueso2024-150x150.jpeg",150,150,true],"medium":["https:\/\/agronoticias.es\/de\/wp-content\/uploads\/2024\/04\/royalfrutahueso2024-300x225.jpeg",300,225,true],"medium_large":["https:\/\/agronoticias.es\/de\/wp-content\/uploads\/2024\/04\/royalfrutahueso2024.jpeg",640,480,false],"large":["https:\/\/agronoticias.es\/de\/wp-content\/uploads\/2024\/04\/royalfrutahueso2024.jpeg",640,480,false],"1536x1536":["https:\/\/agronoticias.es\/de\/wp-content\/uploads\/2024\/04\/royalfrutahueso2024.jpeg",640,480,false],"2048x2048":["https:\/\/agronoticias.es\/de\/wp-content\/uploads\/2024\/04\/royalfrutahueso2024.jpeg",640,480,false],"morenews-large":["https:\/\/agronoticias.es\/de\/wp-content\/uploads\/2024\/04\/royalfrutahueso2024.jpeg",640,480,false],"morenews-medium":["https:\/\/agronoticias.es\/de\/wp-content\/uploads\/2024\/04\/royalfrutahueso2024-590x410.jpeg",590,410,true]},"author_info":{"display_name":"admin","author_link":"https:\/\/agronoticias.es\/de\/author\/admin\/"},"category_info":"<a href=\"https:\/\/agronoticias.es\/de\/category\/allgemein\/\" rel=\"category tag\">Allgemein<\/a>","tag_info":"Allgemein","comment_count":"0","_links":{"self":[{"href":"https:\/\/agronoticias.es\/de\/wp-json\/wp\/v2\/posts\/2076","targetHints":{"allow":["GET"]}}],"collection":[{"href":"https:\/\/agronoticias.es\/de\/wp-json\/wp\/v2\/posts"}],"about":[{"href":"https:\/\/agronoticias.es\/de\/wp-json\/wp\/v2\/types\/post"}],"author":[{"embeddable":true,"href":"https:\/\/agronoticias.es\/de\/wp-json\/wp\/v2\/users\/1"}],"replies":[{"embeddable":true,"href":"https:\/\/agronoticias.es\/de\/wp-json\/wp\/v2\/comments?post=2076"}],"version-history":[{"count":1,"href":"https:\/\/agronoticias.es\/de\/wp-json\/wp\/v2\/posts\/2076\/revisions"}],"predecessor-version":[{"id":2078,"href":"https:\/\/agronoticias.es\/de\/wp-json\/wp\/v2\/posts\/2076\/revisions\/2078"}],"wp:featuredmedia":[{"embeddable":true,"href":"https:\/\/agronoticias.es\/de\/wp-json\/wp\/v2\/media\/2077"}],"wp:attachment":[{"href":"https:\/\/agronoticias.es\/de\/wp-json\/wp\/v2\/media?parent=2076"}],"wp:term":[{"taxonomy":"category","embeddable":true,"href":"https:\/\/agronoticias.es\/de\/wp-json\/wp\/v2\/categories?post=2076"},{"taxonomy":"post_tag","embeddable":true,"href":"https:\/\/agronoticias.es\/de\/wp-json\/wp\/v2\/tags?post=2076"}],"curies":[{"name":"wp","href":"https:\/\/api.w.org\/{rel}","templated":true}]}}