{"id":2070,"date":"2024-04-09T11:23:40","date_gmt":"2024-04-09T09:23:40","guid":{"rendered":"https:\/\/agronoticias.es\/de\/?p=2070"},"modified":"2024-04-09T11:23:41","modified_gmt":"2024-04-09T09:23:41","slug":"spargelernte-in-nrw-gestartet","status":"publish","type":"post","link":"https:\/\/agronoticias.es\/de\/spargelernte-in-nrw-gestartet\/","title":{"rendered":"Spargelernte in NRW gestartet"},"content":{"rendered":"\n<p>Der erste Spargel aus Nordrhein-Westfalen ist da, teilt die Landwirtschaftskammer NRW mit. Die Spargelbauern ernten bereits die ersten Stangen oder fangen in den n\u00e4chsten Tagen mit ihrer Ernte an. Die Temperatur der vergangenen Wochen hat daf\u00fcr gesorgt, dass der Spargel gut wachsen konnte. Auch das gemeldete warme Wetter f\u00fcr die kommenden Tage ist f\u00fcr den Spargel optimal. Damit die Ernte gut anlaufen kann, w\u00e4re nun eine l\u00e4ngere Trockenperiode w\u00fcnschenswert.<\/p>\n\n\n\n<p>Den ersten Spargel ernten die B\u00e4uerinnen und Bauern aus Minitunneln. Bei dieser Anbaumethode wird der Spargeldamm mit Hilfe der Sonnenenergie, die von den Minitunneln besonders gut aufgenommen wird, aufgeheizt. Die Erde im Spargeldamm wird dadurch schneller und intensiver erw\u00e4rmt und l\u00e4sst den Spargel fr\u00fcher austreiben. Die weitere Entwicklung des Angebots h\u00e4ngt nun stark vom Wetter ab, denn das Stangengem\u00fcse liebt es sonnig und warm.<\/p>\n\n\n\n<p>Offiziell wird die Spargelsaison in NRW am 11. April in Rheda-Wiedenbr\u00fcck er\u00f6ffnet. Die Haupternte findet von Mitte April bis Ende Juni statt. Am 24. Juni, dem Johannistag, ist Spargelsilvester. Nur bis zu diesem Datum wird der Spargel geerntet, damit die Pflanzen sich bis zur neuen Saison erholen k\u00f6nnen. Anders als bei vielen anderen Gem\u00fcsearten wird der Spargel zu etwa 70% \u00fcber Marktst\u00e4nde, Fachgesch\u00e4fte und in den vielen nordrhein-westf\u00e4lischen Hofl\u00e4den verkauft. Wer mehr \u00fcber Spargel wissen will und auf der Suche nach Rezepten ist, wird in der Brosch\u00fcre Heimvorteil Spargel f\u00fcndig. Diese kann kostenlos unter www.landwirtschaftskammer.de in der Rubrik Landleben, Rezepte heruntergeladen werden. Adressen von Spargelh\u00f6fen in NRW sind im Internet unter www.landservice.de oder www.spargelstrasse-nrw.de zu finden. <\/p>\n","protected":false},"excerpt":{"rendered":"<p>Der erste Spargel aus Nordrhein-Westfalen ist da, teilt die Landwirtschaftskammer NRW mit. Die Spargelbauern ernten bereits die ersten<\/p>\n","protected":false},"author":1,"featured_media":2071,"comment_status":"closed","ping_status":"closed","sticky":false,"template":"","format":"standard","meta":{"footnotes":""},"categories":[34],"tags":[],"class_list":["post-2070","post","type-post","status-publish","format-standard","has-post-thumbnail","hentry","category-allgemein"],"featured_image_urls":{"full":["https:\/\/agronoticias.es\/de\/wp-content\/uploads\/2024\/04\/esparrago-blanco-alemania.jpg",1584,787,false],"thumbnail":["https:\/\/agronoticias.es\/de\/wp-content\/uploads\/2024\/04\/esparrago-blanco-alemania-150x150.jpg",150,150,true],"medium":["https:\/\/agronoticias.es\/de\/wp-content\/uploads\/2024\/04\/esparrago-blanco-alemania-300x149.jpg",300,149,true],"medium_large":["https:\/\/agronoticias.es\/de\/wp-content\/uploads\/2024\/04\/esparrago-blanco-alemania-768x382.jpg",640,318,true],"large":["https:\/\/agronoticias.es\/de\/wp-content\/uploads\/2024\/04\/esparrago-blanco-alemania-1024x509.jpg",640,318,true],"1536x1536":["https:\/\/agronoticias.es\/de\/wp-content\/uploads\/2024\/04\/esparrago-blanco-alemania-1536x763.jpg",1536,763,true],"2048x2048":["https:\/\/agronoticias.es\/de\/wp-content\/uploads\/2024\/04\/esparrago-blanco-alemania.jpg",1584,787,false],"morenews-large":["https:\/\/agronoticias.es\/de\/wp-content\/uploads\/2024\/04\/esparrago-blanco-alemania-825x575.jpg",825,575,true],"morenews-medium":["https:\/\/agronoticias.es\/de\/wp-content\/uploads\/2024\/04\/esparrago-blanco-alemania-590x410.jpg",590,410,true]},"author_info":{"display_name":"admin","author_link":"https:\/\/agronoticias.es\/de\/author\/admin\/"},"category_info":"<a href=\"https:\/\/agronoticias.es\/de\/category\/allgemein\/\" rel=\"category tag\">Allgemein<\/a>","tag_info":"Allgemein","comment_count":"0","_links":{"self":[{"href":"https:\/\/agronoticias.es\/de\/wp-json\/wp\/v2\/posts\/2070","targetHints":{"allow":["GET"]}}],"collection":[{"href":"https:\/\/agronoticias.es\/de\/wp-json\/wp\/v2\/posts"}],"about":[{"href":"https:\/\/agronoticias.es\/de\/wp-json\/wp\/v2\/types\/post"}],"author":[{"embeddable":true,"href":"https:\/\/agronoticias.es\/de\/wp-json\/wp\/v2\/users\/1"}],"replies":[{"embeddable":true,"href":"https:\/\/agronoticias.es\/de\/wp-json\/wp\/v2\/comments?post=2070"}],"version-history":[{"count":1,"href":"https:\/\/agronoticias.es\/de\/wp-json\/wp\/v2\/posts\/2070\/revisions"}],"predecessor-version":[{"id":2072,"href":"https:\/\/agronoticias.es\/de\/wp-json\/wp\/v2\/posts\/2070\/revisions\/2072"}],"wp:featuredmedia":[{"embeddable":true,"href":"https:\/\/agronoticias.es\/de\/wp-json\/wp\/v2\/media\/2071"}],"wp:attachment":[{"href":"https:\/\/agronoticias.es\/de\/wp-json\/wp\/v2\/media?parent=2070"}],"wp:term":[{"taxonomy":"category","embeddable":true,"href":"https:\/\/agronoticias.es\/de\/wp-json\/wp\/v2\/categories?post=2070"},{"taxonomy":"post_tag","embeddable":true,"href":"https:\/\/agronoticias.es\/de\/wp-json\/wp\/v2\/tags?post=2070"}],"curies":[{"name":"wp","href":"https:\/\/api.w.org\/{rel}","templated":true}]}}