{"id":2062,"date":"2024-04-05T10:30:00","date_gmt":"2024-04-05T08:30:00","guid":{"rendered":"https:\/\/agronoticias.es\/de\/?p=2062"},"modified":"2024-04-05T10:30:01","modified_gmt":"2024-04-05T08:30:01","slug":"almeria-geringeres-paprikaangebot-bringt-hohere-preise","status":"publish","type":"post","link":"https:\/\/agronoticias.es\/de\/almeria-geringeres-paprikaangebot-bringt-hohere-preise\/","title":{"rendered":"Almer\u00eda: geringeres Paprikaangebot bringt h\u00f6here Preise"},"content":{"rendered":"\n<p>Der April hat in den almeriensischen Vermarktungszentren mit steigenden Paprikapreisen begonnen, die in diesen Tagen die h\u00f6chsten Werte in der aktuellen Kampagne erreichten. In KW 144 erzielte Paprika italiano gr\u00fcn 2,20 Euro\/kg bis 2 Euro\/kg, Paprika italiano rot im Durchschnitt 2,60 Euro\/kg, Paprika lamuyo gr\u00fcn 2,15 Euro\/kg bis 1,40 Euro\/kg, lamuyo rot 1,15 Euro\/kg bis 0,80 Euro\/kg, Paprika california rot im Durchschnitt 0,90 Euro\/kg, california gr\u00fcn 1,40 Euro\/kg bis 1 Euro\/kg und california gelb 2 Euro\/kg bis 1,60 Euro\/kg.<\/p>\n\n\n\n<p>Im Gegensatz dazu ist es in KW 14 f\u00fcr Schlangengurken nicht gut gelaufen, f\u00fcr die im Durchschnitt 0,50 Euro\/kg bezahlt wurden. Gurken franc\u00e9s brachten zwischen 0,40 Euro\/kg und 0,30 Euro\/kg, Gurken corto negro 0,90 Euro\/kg bis 0,50 Euro\/kg, gestreifte Auberginen 1,30 Euro\/kg bis 0,80 Euro\/kg, lange Auberginen 0,70 Euro\/kg bis 0,50 Euro\/kg und alle Zucchinisorten 0,90 Euro\/kg bis 0,70 Euro\/kg.<\/p>\n\n\n\n<p><a><\/a> Die Preisentwicklung bei Tomaten ist in diesem Fr\u00fchjahr sehr unterschiedlich. In KW 14\/24 erzielten Tomaten longlife 0,70 Euro\/kg bis 0,30 Euro\/kg, runde Tomaten 0,50 Euro\/kg bis 0,25 Euro\/kg, Tomaten pera 0,85 Euro\/kg bis 0,40 Euro\/kg und Strauchtomaten im Durchschnitt 0,35 Euro\/kg.<\/p>\n\n\n\n<p>Gr\u00fcne Bohnen blieben auf einem hohen Preisniveau. Sorte Strike brachte im Durchschnitt 12 Euro\/kg, Sorte Helda 4,70 Euro\/kg bis 3,50 Euro\/kg und Sorte Emerite im Durchschnitt 1,80 Euro\/kg.<\/p>\n\n\n\n<p>In den n\u00e4chsten Wochen werden die ersten Melonen der Saison auf den Markt kommen. Die hohen Temperaturen beg\u00fcnstigen die Entwicklung der Kulturen. Ein Gro\u00dfteil der Pflanzungen befindet sich in der Bl\u00fctephase und die Fruchtans\u00e4tze schreiten in ihrer Entwicklung fort. rp<\/p>\n","protected":false},"excerpt":{"rendered":"<p>Der April hat in den almeriensischen Vermarktungszentren mit steigenden Paprikapreisen begonnen, die in diesen Tagen die h\u00f6chsten Werte<\/p>\n","protected":false},"author":1,"featured_media":1990,"comment_status":"closed","ping_status":"closed","sticky":false,"template":"","format":"standard","meta":{"footnotes":""},"categories":[25],"tags":[],"class_list":["post-2062","post","type-post","status-publish","format-standard","has-post-thumbnail","hentry","category-preise-pos"],"featured_image_urls":{"full":["https:\/\/agronoticias.es\/de\/wp-content\/uploads\/2024\/03\/pepino-y-calabacin.jpg",500,332,false],"thumbnail":["https:\/\/agronoticias.es\/de\/wp-content\/uploads\/2024\/03\/pepino-y-calabacin-150x150.jpg",150,150,true],"medium":["https:\/\/agronoticias.es\/de\/wp-content\/uploads\/2024\/03\/pepino-y-calabacin-300x199.jpg",300,199,true],"medium_large":["https:\/\/agronoticias.es\/de\/wp-content\/uploads\/2024\/03\/pepino-y-calabacin.jpg",500,332,false],"large":["https:\/\/agronoticias.es\/de\/wp-content\/uploads\/2024\/03\/pepino-y-calabacin.jpg",500,332,false],"1536x1536":["https:\/\/agronoticias.es\/de\/wp-content\/uploads\/2024\/03\/pepino-y-calabacin.jpg",500,332,false],"2048x2048":["https:\/\/agronoticias.es\/de\/wp-content\/uploads\/2024\/03\/pepino-y-calabacin.jpg",500,332,false],"morenews-large":["https:\/\/agronoticias.es\/de\/wp-content\/uploads\/2024\/03\/pepino-y-calabacin.jpg",500,332,false],"morenews-medium":["https:\/\/agronoticias.es\/de\/wp-content\/uploads\/2024\/03\/pepino-y-calabacin.jpg",500,332,false]},"author_info":{"display_name":"admin","author_link":"https:\/\/agronoticias.es\/de\/author\/admin\/"},"category_info":"<a href=\"https:\/\/agronoticias.es\/de\/category\/preise-pos\/\" rel=\"category tag\">Preise Pos<\/a>","tag_info":"Preise Pos","comment_count":"0","_links":{"self":[{"href":"https:\/\/agronoticias.es\/de\/wp-json\/wp\/v2\/posts\/2062","targetHints":{"allow":["GET"]}}],"collection":[{"href":"https:\/\/agronoticias.es\/de\/wp-json\/wp\/v2\/posts"}],"about":[{"href":"https:\/\/agronoticias.es\/de\/wp-json\/wp\/v2\/types\/post"}],"author":[{"embeddable":true,"href":"https:\/\/agronoticias.es\/de\/wp-json\/wp\/v2\/users\/1"}],"replies":[{"embeddable":true,"href":"https:\/\/agronoticias.es\/de\/wp-json\/wp\/v2\/comments?post=2062"}],"version-history":[{"count":1,"href":"https:\/\/agronoticias.es\/de\/wp-json\/wp\/v2\/posts\/2062\/revisions"}],"predecessor-version":[{"id":2063,"href":"https:\/\/agronoticias.es\/de\/wp-json\/wp\/v2\/posts\/2062\/revisions\/2063"}],"wp:featuredmedia":[{"embeddable":true,"href":"https:\/\/agronoticias.es\/de\/wp-json\/wp\/v2\/media\/1990"}],"wp:attachment":[{"href":"https:\/\/agronoticias.es\/de\/wp-json\/wp\/v2\/media?parent=2062"}],"wp:term":[{"taxonomy":"category","embeddable":true,"href":"https:\/\/agronoticias.es\/de\/wp-json\/wp\/v2\/categories?post=2062"},{"taxonomy":"post_tag","embeddable":true,"href":"https:\/\/agronoticias.es\/de\/wp-json\/wp\/v2\/tags?post=2062"}],"curies":[{"name":"wp","href":"https:\/\/api.w.org\/{rel}","templated":true}]}}