{"id":2059,"date":"2024-04-04T16:12:16","date_gmt":"2024-04-04T14:12:16","guid":{"rendered":"https:\/\/agronoticias.es\/de\/?p=2059"},"modified":"2024-04-05T10:30:43","modified_gmt":"2024-04-05T08:30:43","slug":"citruspreise-andalusien-woche-14-2024","status":"publish","type":"post","link":"https:\/\/agronoticias.es\/de\/citruspreise-andalusien-woche-14-2024\/","title":{"rendered":"Citruspreise Andalusien Woche 14\/2024"},"content":{"rendered":"\n<p>Markt ohne Aktivit\u00e4ten. Fehlende \u00a0Nachfrage sowohl nach Frischware als auch nach Saftfr\u00fcchten aufgrund der Orangenimporte aus Drittl\u00e4ndern, haupts\u00e4chlich aus \u00c4gypten, und der Regenf\u00e4lle der letzten Tage sowie der Osterfeiertage.<\/p>\n\n\n\n<p>02\/04\/2024<\/p>\n\n\n\n<figure class=\"wp-block-table\"><table><tbody><tr><td>Cotizaciones<\/td><td>02\/04\/2024 \u20ac\/kg<\/td><td>26\/03\/2024 \u20ac\/kg<\/td><td>19\/03\/2024\u20ac\/kg<\/td><\/tr><tr><td>Naranja Lane Late Cat I<\/td><td>0,23-0,27<\/td><td>S.O.<\/td><td>0,27-0,30<\/td><\/tr><tr><td>Naranja Lane Late Cat II<\/td><td>0,20-0,22<\/td><td>S.O.<\/td><td>0,22-0,26<\/td><\/tr><tr><td>Naranja Navel, Powell, Barfield y Chisslet Cat I<\/td><td>S.O.<\/td><td>S.O.<\/td><td>S.O.<\/td><\/tr><tr><td>Mandarina Hibrida Tango Cat I<\/td><td>0,50-0,60<\/td><td>0,50-0,60<\/td><td>0,50-0,60<\/td><\/tr><tr><td>Mandarina Hibrida Tango Cat II<\/td><td>0,35-0,45<\/td><td>0,35-0,45<\/td><td>0,35-0,45<\/td><\/tr><tr><td>Naranja Industria Grupo Navel<\/td><td>0,19-0,22<\/td><td>0,19-0,22<\/td><td>0,20-0,22<\/td><\/tr><tr><td>Naranja Industria Grupo Blanca<\/td><td>0,19-0,22<\/td><td>0,19-0,22<\/td><td>0,20-0,22<\/td><\/tr><\/tbody><\/table><\/figure>\n\n\n\n<p> Die Preise sind orientativ; ab Baum, Herkunft C\u00f3rdoba, ohne MwSt.; Preise f\u00fcr Industrieapfelsinen auf LKW<\/p>\n\n\n\n<p>N\u00e4chste B\u00f6rse: 9.4.24.24 <\/p>\n\n\n\n<p>Quelle: Mesa de C\u00edtricos Lonja de C\u00f3rdoba<\/p>\n","protected":false},"excerpt":{"rendered":"<p>Markt ohne Aktivit\u00e4ten. Fehlende \u00a0Nachfrage sowohl nach Frischware als auch nach Saftfr\u00fcchten aufgrund der Orangenimporte aus Drittl\u00e4ndern, haupts\u00e4chlich<\/p>\n","protected":false},"author":1,"featured_media":2060,"comment_status":"closed","ping_status":"closed","sticky":false,"template":"","format":"standard","meta":{"footnotes":""},"categories":[34,25],"tags":[],"class_list":["post-2059","post","type-post","status-publish","format-standard","has-post-thumbnail","hentry","category-allgemein","category-preise-pos"],"featured_image_urls":{"full":["https:\/\/agronoticias.es\/de\/wp-content\/uploads\/2024\/04\/naranjas-andalucia24.jpg",500,332,false],"thumbnail":["https:\/\/agronoticias.es\/de\/wp-content\/uploads\/2024\/04\/naranjas-andalucia24-150x150.jpg",150,150,true],"medium":["https:\/\/agronoticias.es\/de\/wp-content\/uploads\/2024\/04\/naranjas-andalucia24-300x199.jpg",300,199,true],"medium_large":["https:\/\/agronoticias.es\/de\/wp-content\/uploads\/2024\/04\/naranjas-andalucia24.jpg",500,332,false],"large":["https:\/\/agronoticias.es\/de\/wp-content\/uploads\/2024\/04\/naranjas-andalucia24.jpg",500,332,false],"1536x1536":["https:\/\/agronoticias.es\/de\/wp-content\/uploads\/2024\/04\/naranjas-andalucia24.jpg",500,332,false],"2048x2048":["https:\/\/agronoticias.es\/de\/wp-content\/uploads\/2024\/04\/naranjas-andalucia24.jpg",500,332,false],"morenews-large":["https:\/\/agronoticias.es\/de\/wp-content\/uploads\/2024\/04\/naranjas-andalucia24.jpg",500,332,false],"morenews-medium":["https:\/\/agronoticias.es\/de\/wp-content\/uploads\/2024\/04\/naranjas-andalucia24.jpg",500,332,false]},"author_info":{"display_name":"admin","author_link":"https:\/\/agronoticias.es\/de\/author\/admin\/"},"category_info":"<a href=\"https:\/\/agronoticias.es\/de\/category\/allgemein\/\" rel=\"category tag\">Allgemein<\/a> <a href=\"https:\/\/agronoticias.es\/de\/category\/preise-pos\/\" rel=\"category tag\">Preise Pos<\/a>","tag_info":"Preise Pos","comment_count":"0","_links":{"self":[{"href":"https:\/\/agronoticias.es\/de\/wp-json\/wp\/v2\/posts\/2059","targetHints":{"allow":["GET"]}}],"collection":[{"href":"https:\/\/agronoticias.es\/de\/wp-json\/wp\/v2\/posts"}],"about":[{"href":"https:\/\/agronoticias.es\/de\/wp-json\/wp\/v2\/types\/post"}],"author":[{"embeddable":true,"href":"https:\/\/agronoticias.es\/de\/wp-json\/wp\/v2\/users\/1"}],"replies":[{"embeddable":true,"href":"https:\/\/agronoticias.es\/de\/wp-json\/wp\/v2\/comments?post=2059"}],"version-history":[{"count":1,"href":"https:\/\/agronoticias.es\/de\/wp-json\/wp\/v2\/posts\/2059\/revisions"}],"predecessor-version":[{"id":2061,"href":"https:\/\/agronoticias.es\/de\/wp-json\/wp\/v2\/posts\/2059\/revisions\/2061"}],"wp:featuredmedia":[{"embeddable":true,"href":"https:\/\/agronoticias.es\/de\/wp-json\/wp\/v2\/media\/2060"}],"wp:attachment":[{"href":"https:\/\/agronoticias.es\/de\/wp-json\/wp\/v2\/media?parent=2059"}],"wp:term":[{"taxonomy":"category","embeddable":true,"href":"https:\/\/agronoticias.es\/de\/wp-json\/wp\/v2\/categories?post=2059"},{"taxonomy":"post_tag","embeddable":true,"href":"https:\/\/agronoticias.es\/de\/wp-json\/wp\/v2\/tags?post=2059"}],"curies":[{"name":"wp","href":"https:\/\/api.w.org\/{rel}","templated":true}]}}