{"id":2048,"date":"2024-04-02T10:48:16","date_gmt":"2024-04-02T08:48:16","guid":{"rendered":"https:\/\/agronoticias.es\/de\/?p=2048"},"modified":"2024-04-02T10:48:51","modified_gmt":"2024-04-02T08:48:51","slug":"granada-gute-aussichten-fur-grunspargel","status":"publish","type":"post","link":"https:\/\/agronoticias.es\/de\/granada-gute-aussichten-fur-grunspargel\/","title":{"rendered":"Granada: Gute Aussichten f\u00fcr Gr\u00fcnspargel"},"content":{"rendered":"\n<p>Die Aussichten f\u00fcr die Gr\u00fcnspargelproduktion in Granada sind in dieser Saison vielversprechend. Nach Sch\u00e4tzung der Agrarorganisation UPA Granada wird mit einer Produktionssteigerung von 25 % gerechnet. Dieser Optimismus beruht auf den ergiebigen Niederschl\u00e4gen w\u00e4hrend der Ostertage, die sich auf die Entwicklung der Kulturen \u00e4usserst positiv auswirken werden.<\/p>\n\n\n\n<p>Die Organisation hebt auch einen weiteren wichtigen Aspekt hervor. Die vor\u00fcbergehende Schliessung der M\u00e4rkte \u00fcber die Osterfeiertage hat zu einem Nachfragestau gef\u00fchrt, der bei erneuter \u00d6ffnung die Preise ansteigen l\u00e4sst, so dass die Produzenten eine Rentabilit\u00e4t \u00fcber den Produktionskosten erhalten werden.<\/p>\n\n\n\n<p><a><\/a>Nicol\u00e1s Chica, Generalsekret\u00e4r von UPA Granada, unterstrich die aktuelle sowie k\u00fcnftige Besserung im Vergleich zu den beiden letzten Kampagnen, die keine guten Ergebnisse gebracht haben. Der derzeitige Durchschnittspreis f\u00fcr die Erzeuger liegt bei rund 3,50 Euro\/kg. Das wird von der Branche angesichts der zeitweisen Schliessung der M\u00e4rkte und der aufgrund von Wetterbedingungen gebremsten Ernte als akzeptabel bewertet. Im Gegensatz zum letzten Jahr, als die Spargel\u00fcberproduktion die Preise nach unten dr\u00fcckte, erwartet man diesmal Stabilit\u00e4t dank der hohen Nachfrage und ausgeruhten M\u00e4rkte.<\/p>\n\n\n\n<p>Durch den Regen in der Karwoche wird sich der Erntezeitraum bis Anfang Juni verl\u00e4ngern, was mit zu einem Produktionsanstieg von Gr\u00fcnspargel um 25% beitragen wird. UPA geht daher von einem Saisonende mit h\u00f6herem Volumen aus, was eine notwendige Erholung nach zwei Jahren mit r\u00fcckl\u00e4ufiger Ernte bedeutet. Quelle &#8211; UPA Granada<\/p>\n","protected":false},"excerpt":{"rendered":"<p>Die Aussichten f\u00fcr die Gr\u00fcnspargelproduktion in Granada sind in dieser Saison vielversprechend. Nach Sch\u00e4tzung der Agrarorganisation UPA Granada<\/p>\n","protected":false},"author":1,"featured_media":2049,"comment_status":"closed","ping_status":"closed","sticky":false,"template":"","format":"standard","meta":{"footnotes":""},"categories":[34],"tags":[],"class_list":["post-2048","post","type-post","status-publish","format-standard","has-post-thumbnail","hentry","category-allgemein"],"featured_image_urls":{"full":["https:\/\/agronoticias.es\/de\/wp-content\/uploads\/2024\/04\/esparrago-granada.jpg",500,332,false],"thumbnail":["https:\/\/agronoticias.es\/de\/wp-content\/uploads\/2024\/04\/esparrago-granada-150x150.jpg",150,150,true],"medium":["https:\/\/agronoticias.es\/de\/wp-content\/uploads\/2024\/04\/esparrago-granada-300x199.jpg",300,199,true],"medium_large":["https:\/\/agronoticias.es\/de\/wp-content\/uploads\/2024\/04\/esparrago-granada.jpg",500,332,false],"large":["https:\/\/agronoticias.es\/de\/wp-content\/uploads\/2024\/04\/esparrago-granada.jpg",500,332,false],"1536x1536":["https:\/\/agronoticias.es\/de\/wp-content\/uploads\/2024\/04\/esparrago-granada.jpg",500,332,false],"2048x2048":["https:\/\/agronoticias.es\/de\/wp-content\/uploads\/2024\/04\/esparrago-granada.jpg",500,332,false],"morenews-large":["https:\/\/agronoticias.es\/de\/wp-content\/uploads\/2024\/04\/esparrago-granada.jpg",500,332,false],"morenews-medium":["https:\/\/agronoticias.es\/de\/wp-content\/uploads\/2024\/04\/esparrago-granada.jpg",500,332,false]},"author_info":{"display_name":"admin","author_link":"https:\/\/agronoticias.es\/de\/author\/admin\/"},"category_info":"<a href=\"https:\/\/agronoticias.es\/de\/category\/allgemein\/\" rel=\"category tag\">Allgemein<\/a>","tag_info":"Allgemein","comment_count":"0","_links":{"self":[{"href":"https:\/\/agronoticias.es\/de\/wp-json\/wp\/v2\/posts\/2048","targetHints":{"allow":["GET"]}}],"collection":[{"href":"https:\/\/agronoticias.es\/de\/wp-json\/wp\/v2\/posts"}],"about":[{"href":"https:\/\/agronoticias.es\/de\/wp-json\/wp\/v2\/types\/post"}],"author":[{"embeddable":true,"href":"https:\/\/agronoticias.es\/de\/wp-json\/wp\/v2\/users\/1"}],"replies":[{"embeddable":true,"href":"https:\/\/agronoticias.es\/de\/wp-json\/wp\/v2\/comments?post=2048"}],"version-history":[{"count":2,"href":"https:\/\/agronoticias.es\/de\/wp-json\/wp\/v2\/posts\/2048\/revisions"}],"predecessor-version":[{"id":2051,"href":"https:\/\/agronoticias.es\/de\/wp-json\/wp\/v2\/posts\/2048\/revisions\/2051"}],"wp:featuredmedia":[{"embeddable":true,"href":"https:\/\/agronoticias.es\/de\/wp-json\/wp\/v2\/media\/2049"}],"wp:attachment":[{"href":"https:\/\/agronoticias.es\/de\/wp-json\/wp\/v2\/media?parent=2048"}],"wp:term":[{"taxonomy":"category","embeddable":true,"href":"https:\/\/agronoticias.es\/de\/wp-json\/wp\/v2\/categories?post=2048"},{"taxonomy":"post_tag","embeddable":true,"href":"https:\/\/agronoticias.es\/de\/wp-json\/wp\/v2\/tags?post=2048"}],"curies":[{"name":"wp","href":"https:\/\/api.w.org\/{rel}","templated":true}]}}