{"id":2014,"date":"2024-03-22T11:22:33","date_gmt":"2024-03-22T10:22:33","guid":{"rendered":"https:\/\/agronoticias.es\/de\/?p=2014"},"modified":"2024-03-22T11:22:34","modified_gmt":"2024-03-22T10:22:34","slug":"almeria-erneuter-preiseinbruch-bei-auberginen-und-zucchini","status":"publish","type":"post","link":"https:\/\/agronoticias.es\/de\/almeria-erneuter-preiseinbruch-bei-auberginen-und-zucchini\/","title":{"rendered":"Almer\u00eda: Erneuter Preiseinbruch bei Auberginen und Zucchini"},"content":{"rendered":"\n<p>Der Fr\u00fchling hat bereits begonnen und die Preise sind nicht so positiv, wie die Landwirte gehofft hatten. In KW 12\/24 gingen sie in den almeriensischen Vermarktungszentren f\u00fcr Zucchini und Auberginen erneut stark zur\u00fcck. Alle Sorten Zucchini erzielten 0,33 Euro\/kg bis 0,15 Euro\/kg, lange Auberginen 0,45 Euro\/kg bis 0,28 Euro\/kg und gestreifte 0,50 Euro\/kg bis 0,30 Euro\/kg.<\/p>\n\n\n\n<p>Gurken lagen in KW 12\/24 fast an der Rentabilit\u00e4tsgrenze. F\u00fcr Gurken franc\u00e9s wurden zwischen 0,30 Euro\/kg und 0,20 Euro\/kg bezahlt, f\u00fcr Gurken corto negro 0,45 Euro\/kg bis 0,25 Euro\/kg und f\u00fcr Schlangengurken, die einzige Sorte die an Wert gestiegen ist, 0,60 Euro\/kg bis 0,50 Euro\/kg.<\/p>\n\n\n\n<p>Die Preise f\u00fcr Paprika california waren in KW 12 weiterhin unbest\u00e4ndig. Es gibt nur noch eine kleine Produktion und das Angebot ist nicht stabil. Paprika california gr\u00fcn erzielte 1,60 Euro\/kg bis 1,20 Euro\/kg, california gelb 1,70 Euro\/kg bis1,50 Euro\/kg, california rot 0,95 Euro\/kg bis 0,70 Euro\/kg, Paprika lamuyo gr\u00fcn 2 Euro\/kg bis 1,30 Euro\/kg, lamuyo rot 1,15 Euro\/kg bis 0,80 Euro\/kg, Paprika italiano gr\u00fcn 2,30 Euro\/kg bis 1,80 Euro\/kg und italiano rot im Durchschnitt 1,70 Euro\/kg.<\/p>\n\n\n\n<p>Die Preise f\u00fcr Tomaten, die vor einer Woche gestiegen sind, blieben in KW 12\/24 stabil. Runde Tomaten brachten 0,75 Euro\/kg bis 0,60 Euro\/kg, longlife 0,85 Euro\/kg bis 0,60 Euro\/kg, Strauchtomaten im Durchschnitt 0,75 Euro\/kg und Tomaten pera 1 Euro\/kg bis 0,70 Euro\/kg.<\/p>\n\n\n\n<p>Auf der anderen Seite geht der Pflanzprozess von Zucker- und Wassermelonen weiter, w\u00e4hrend die fr\u00fchesten Sorten bereits den ersten Fruchtansatz aufweisen.<\/p>\n","protected":false},"excerpt":{"rendered":"<p>Der Fr\u00fchling hat bereits begonnen und die Preise sind nicht so positiv, wie die Landwirte gehofft hatten. In<\/p>\n","protected":false},"author":1,"featured_media":2015,"comment_status":"closed","ping_status":"closed","sticky":false,"template":"","format":"standard","meta":{"footnotes":""},"categories":[34],"tags":[],"class_list":["post-2014","post","type-post","status-publish","format-standard","has-post-thumbnail","hentry","category-allgemein"],"featured_image_urls":{"full":["https:\/\/agronoticias.es\/de\/wp-content\/uploads\/2024\/03\/berenjena-negra.jpg",500,359,false],"thumbnail":["https:\/\/agronoticias.es\/de\/wp-content\/uploads\/2024\/03\/berenjena-negra-150x150.jpg",150,150,true],"medium":["https:\/\/agronoticias.es\/de\/wp-content\/uploads\/2024\/03\/berenjena-negra-300x215.jpg",300,215,true],"medium_large":["https:\/\/agronoticias.es\/de\/wp-content\/uploads\/2024\/03\/berenjena-negra.jpg",500,359,false],"large":["https:\/\/agronoticias.es\/de\/wp-content\/uploads\/2024\/03\/berenjena-negra.jpg",500,359,false],"1536x1536":["https:\/\/agronoticias.es\/de\/wp-content\/uploads\/2024\/03\/berenjena-negra.jpg",500,359,false],"2048x2048":["https:\/\/agronoticias.es\/de\/wp-content\/uploads\/2024\/03\/berenjena-negra.jpg",500,359,false],"morenews-large":["https:\/\/agronoticias.es\/de\/wp-content\/uploads\/2024\/03\/berenjena-negra.jpg",500,359,false],"morenews-medium":["https:\/\/agronoticias.es\/de\/wp-content\/uploads\/2024\/03\/berenjena-negra.jpg",500,359,false]},"author_info":{"display_name":"admin","author_link":"https:\/\/agronoticias.es\/de\/author\/admin\/"},"category_info":"<a href=\"https:\/\/agronoticias.es\/de\/category\/allgemein\/\" rel=\"category tag\">Allgemein<\/a>","tag_info":"Allgemein","comment_count":"0","_links":{"self":[{"href":"https:\/\/agronoticias.es\/de\/wp-json\/wp\/v2\/posts\/2014","targetHints":{"allow":["GET"]}}],"collection":[{"href":"https:\/\/agronoticias.es\/de\/wp-json\/wp\/v2\/posts"}],"about":[{"href":"https:\/\/agronoticias.es\/de\/wp-json\/wp\/v2\/types\/post"}],"author":[{"embeddable":true,"href":"https:\/\/agronoticias.es\/de\/wp-json\/wp\/v2\/users\/1"}],"replies":[{"embeddable":true,"href":"https:\/\/agronoticias.es\/de\/wp-json\/wp\/v2\/comments?post=2014"}],"version-history":[{"count":1,"href":"https:\/\/agronoticias.es\/de\/wp-json\/wp\/v2\/posts\/2014\/revisions"}],"predecessor-version":[{"id":2016,"href":"https:\/\/agronoticias.es\/de\/wp-json\/wp\/v2\/posts\/2014\/revisions\/2016"}],"wp:featuredmedia":[{"embeddable":true,"href":"https:\/\/agronoticias.es\/de\/wp-json\/wp\/v2\/media\/2015"}],"wp:attachment":[{"href":"https:\/\/agronoticias.es\/de\/wp-json\/wp\/v2\/media?parent=2014"}],"wp:term":[{"taxonomy":"category","embeddable":true,"href":"https:\/\/agronoticias.es\/de\/wp-json\/wp\/v2\/categories?post=2014"},{"taxonomy":"post_tag","embeddable":true,"href":"https:\/\/agronoticias.es\/de\/wp-json\/wp\/v2\/tags?post=2014"}],"curies":[{"name":"wp","href":"https:\/\/api.w.org\/{rel}","templated":true}]}}