{"id":2006,"date":"2024-03-21T16:49:52","date_gmt":"2024-03-21T15:49:52","guid":{"rendered":"https:\/\/agronoticias.es\/de\/?p=2006"},"modified":"2024-03-21T16:51:14","modified_gmt":"2024-03-21T15:51:14","slug":"spanien-anecoop-steigert-im-geschaftsjahr-2022-23-den-umsatz-um-27","status":"publish","type":"post","link":"https:\/\/agronoticias.es\/de\/spanien-anecoop-steigert-im-geschaftsjahr-2022-23-den-umsatz-um-27\/","title":{"rendered":"Spanien: Anecoop steigert im Gesch\u00e4ftsjahr 2022-23 den Umsatz um 2,7 %"},"content":{"rendered":"\n<p>Trotz des witterungsbedingten Mengenr\u00fcckgangs hat Anecoop S. Coop. im Gesch\u00e4ftsjahr 2022-23 erneut einen Rekordumsatz in H\u00f6he von 846,9 Mio. Euro erzielt, 2,7 % mehr als 2021-22. Der Gesamtumsatz aller Unternehmen der Anecoop-Gruppe \u00fcberstieg zum ersten Mal die Marke von 1 Mrd Euro.<\/p>\n\n\n\n<p><a><\/a> Anecoop, Spaniens f\u00fchrender Obst- und Gem\u00fcseexporteur, hat auf seiner Mitglieder-Generalversammlung in Murcia die Ergebnisse der Saison 2022-2023 pr\u00e4sentiert. Vor mehr als 250 Personen \u2013 Repr\u00e4sentanten der 67 Mitgliedsunternehmen und Fachleute der Gruppe &#8211; pr\u00e4sentierte die Gesch\u00e4ftsleitung der Gruppe die Ergebnisse der Kampagne 2022-23, die sowohl f\u00fcr Anecoop S. Coop. als auch f\u00fcr die gesamte Unternehmensgruppe ein Umsatzwachstum aufweisen.<\/p>\n\n\n\n<p>Nach der globalen Pr\u00e4sentation des Gesch\u00e4ftsjahres, erinnerten die Verantwortlichen von Anecoop an die geopolitische Situation der letzten Jahre mit klarer Referenz darauf, dass man weiter wachsam sein m\u00fcsse und die Herausforderungen mit der Verantwortung annehmen m\u00fcsse, die in den Grunds\u00e4tzen der Genossenschaft 2. Grades definiert ist.<\/p>\n\n\n\n<p>In diesem Sinne erkl\u00e4rte Pr\u00e4sident Alejandro Monz\u00f3n: \u00abEs ist zwar richtig, dass die Situation f\u00fcr alle Branchen ung\u00fcnstig ist, aber unsere ist aus vielen Gr\u00fcnden besonders empfindlich. Der offensichtlichste ist die sofortige Vermarktung, die unsere Produkte erfordern, und die fast t\u00e4gliche Anpassung der Produktionskosten\u00bb.<\/p>\n\n\n\n<p><strong>Innovation und Exzellenz, notwendig f\u00fcr die Rentabilit\u00e4t<\/strong><\/p>\n\n\n\n<p>Monz\u00f3n fuhr in seiner Rede mit Blick auf die von Anecoop verfolgte Strategie fort. \u00abIm Bewusstsein dieser Realit\u00e4t haben wir uns wie immer darauf konzentriert, die Folgen der zahlreichen offenen Probleme, die sich auf unseren Sektor auswirken, kurzfristig abzumildern, ohne dabei den Fokus von den Strategien aus den Augen zu verlieren, von denen wir wissen, dass sie notwendig sind, um mittel- und langfristig voranzukommen\u00bb.<\/p>\n\n\n\n<p>Die kontinuierliche \u00dcberwachung der Rentabilit\u00e4t der landwirtschaftlichen Betriebe der Mitglieder ist daher eine Priorit\u00e4t. Eine Rentabilit\u00e4t, die \u00fcber die Durchf\u00fchrung von Ma\u00dfnahmen l\u00e4uft, die von der Forschung unterst\u00fctzt werden, die die Genossenschaft 2. Grades sowohl im Anbau als auch im Labor durchf\u00fchrt. In 2022\/2023 standen die biologische Sch\u00e4dlingsbek\u00e4mpfung, die Integration von k\u00fcnstlicher Intelligenz zur Verbesserung der Produktion und die Modernisierung der Bew\u00e4sserung auf Grundlage der Digitalisierung und neuer Technologien im Mittelpunkt der F&amp;E+IT-Projekte.<\/p>\n\n\n\n<p><strong>Nachhaltige Entwicklung, n\u00e4her durch B\u00fcndelung der Kr\u00e4fte<\/strong><\/p>\n\n\n\n<p>Der Pr\u00e4sident von Anecoop hob die Bedeutung der nachhaltigen Entwicklung in der Landwirtschaft hervor und erkl\u00e4rte, dass \u00abdas Genossenschaftsmodell perfekt zu der gesellschaftlichen Forderung nach Unternehmen und Organisationen passt, die als Hebel f\u00fcr das Wachstum der Nachhaltigkeit und das Engagement f\u00fcr die Gemeinschaft fungieren\u00bb. In diesem Zusammenhang hob er die Rolle von Anecoop, ihren 67 Genossenschaften und Mitgliedsunternehmen und ihren Tausenden von angeschlossenen Landwirten hervor: \u00abWir haben eine starke Struktur geschaffen, die in der Lage ist, die Einschr\u00e4nkungen zu \u00fcberwinden, die moderne Produktionstechnologien und nachhaltige Praktiken f\u00fcr kleine und mittlere Erzeuger unerreichbar machen, und die ihnen die St\u00e4rke gibt, die die Gruppe bei Verhandlungen auf dem Markt darstellt.\u201c<\/p>\n\n\n\n<p><strong>Sich den Herausforderungen stellen<\/strong><\/p>\n\n\n\n<p>Joan Mir, Generaldirektor von Anecoop, stimmte Alejandro Monz\u00f3n zu, was die Bedeutung der Innovation als Hebel f\u00fcr das Wachstum des Sektors angeht. \u00abDer Wandel, den wir erleben, ist konstant und hat sich in den letzten Jahren beschleunigt; wir k\u00f6nnen darauf nur mit Innovation, neuen Managementsystemen und gr\u00f6\u00dferer Effizienz reagieren\u00bb.<\/p>\n\n\n\n<p class=\"has-text-align-center\"><img fetchpriority=\"high\" decoding=\"async\" width=\"500\" height=\"374\" class=\"wp-image-2008\" style=\"width: 500px;\" src=\"https:\/\/agronoticias.es\/de\/wp-content\/uploads\/2024\/03\/Anecoop-asamblea-24_2.jpg\" alt=\"\" srcset=\"https:\/\/agronoticias.es\/de\/wp-content\/uploads\/2024\/03\/Anecoop-asamblea-24_2.jpg 500w, https:\/\/agronoticias.es\/de\/wp-content\/uploads\/2024\/03\/Anecoop-asamblea-24_2-300x224.jpg 300w\" sizes=\"(max-width: 500px) 100vw, 500px\" \/><\/p>\n\n\n\n<p>Mir pr\u00e4sentierte die Ergebnisse des Gesch\u00e4ftsjahres und wies darauf hin, dass \u00abder Umsatz von Anecoop S. Coop um 2,7 % auf 846,9 Mio Euro gestiegen ist. Diese Zahl steht im Gegensatz zu dem R\u00fcckgang des Verkaufsvolumens um 14,3 %, der haupts\u00e4chlich auf eine kleinere Ernte bei fast allen Produkten zur\u00fcckzuf\u00fchren ist. Au\u00dferdem gab er bekannt, dass \u00abder Gesamtumsatz der Anecoop-Gruppe von 998 auf 1.001 Millionen Euro gestiegen ist\u00bb. Diese positive Nachricht wird erg\u00e4nzt durch \u00abden Anstieg des durchschnittlichen Kilopreises, der an unsere Mitgliedserzeuger gezahlt wurde und der im Vergleich zum Vorjahr um 20,7 % gestiegen ist\u00bb.<\/p>\n\n\n\n<p>Er ging auch auf die negativen Faktoren ein, mit denen der Anbau in den letzten Jahren zu k\u00e4mpfen hatte. Schlechtes Wetter, das die Ernten dezimiert hat; Inflation und der daraus resultierende Anstieg der Rohstoff- und Energiekosten sowie der allgemeinen Lebenshaltungskosten; unlauterer Wettbewerb durch die Irruptionen von Produkten aus Drittl\u00e4ndern. All diese Faktoren \u00abk\u00f6nnen nur durch Innovation bei Management und Effizienz bew\u00e4ltigt werden\u00bb, r\u00e4umte er ein. F\u00fcr den Generaldirektor von Anecoop ist \u00abein klares Beispiel daf\u00fcr die Persimon-Gruppe, bei der die Zusammenarbeit und das Engagement zwischen den Genossenschaften sowie zwischen den Genossenschaften und Anecoop und umgekehrt der Schl\u00fcssel zu ihrer Entwicklung waren\u00bb.<\/p>\n\n\n\n<p>In seiner Rede ging Joan Mir auch auf die Mobilisierungen des Sektors ein, die sich in den letzten Monaten in ganz Europa ausgebreitet haben, und bezeichnete es als \u00absozial inakzeptabel und ungerecht\u00bb, einen Sektor zu ignorieren, der w\u00e4hrend der Pandemie \u00abgezeigt hat, wie notwendig es f\u00fcr ein Land ist, einen starken, wettbewerbsf\u00e4higen, unabh\u00e4ngigen und vielf\u00e4ltigen Agrarsektor zu haben\u00bb. In diesem Sinne f\u00fcgte er hinzu, dass \u00abder Sektor angeh\u00f6rt werden muss und seine gerechten Forderungen erf\u00fcllt werden m\u00fcssen\u00bb, und richtete einen klaren Appell an die Verwaltung und die Gesellschaft im Allgemeinen zur Verteidigung der spanischen Landwirtschaft.<\/p>\n\n\n\n<p>Im Hinblick auf die St\u00e4rkung der Wettbewerbsf\u00e4higkeit als Priorit\u00e4t von Anecoop erl\u00e4uterte Mir die Entwicklung der Mitgliederzahlen im letzten Jahr. Diesbez\u00fcglich stellte er klar, dass \u00abwir weniger Cooperativen haben, die aber gr\u00f6\u00dfer, integrierter und st\u00e4rker sind, um auf die neuen Herausforderungen unserer Kunden, Verbraucher und Landwirte zu reagieren\u00bb. <\/p>\n","protected":false},"excerpt":{"rendered":"<p>Trotz des witterungsbedingten Mengenr\u00fcckgangs hat Anecoop S. Coop. im Gesch\u00e4ftsjahr 2022-23 erneut einen Rekordumsatz in H\u00f6he von 846,9<\/p>\n","protected":false},"author":1,"featured_media":2007,"comment_status":"closed","ping_status":"closed","sticky":false,"template":"","format":"standard","meta":{"footnotes":""},"categories":[34],"tags":[],"class_list":["post-2006","post","type-post","status-publish","format-standard","has-post-thumbnail","hentry","category-allgemein"],"featured_image_urls":{"full":["https:\/\/agronoticias.es\/de\/wp-content\/uploads\/2024\/03\/Anecoop-asamblea-24.jpg",500,421,false],"thumbnail":["https:\/\/agronoticias.es\/de\/wp-content\/uploads\/2024\/03\/Anecoop-asamblea-24-150x150.jpg",150,150,true],"medium":["https:\/\/agronoticias.es\/de\/wp-content\/uploads\/2024\/03\/Anecoop-asamblea-24-300x253.jpg",300,253,true],"medium_large":["https:\/\/agronoticias.es\/de\/wp-content\/uploads\/2024\/03\/Anecoop-asamblea-24.jpg",500,421,false],"large":["https:\/\/agronoticias.es\/de\/wp-content\/uploads\/2024\/03\/Anecoop-asamblea-24.jpg",500,421,false],"1536x1536":["https:\/\/agronoticias.es\/de\/wp-content\/uploads\/2024\/03\/Anecoop-asamblea-24.jpg",500,421,false],"2048x2048":["https:\/\/agronoticias.es\/de\/wp-content\/uploads\/2024\/03\/Anecoop-asamblea-24.jpg",500,421,false],"morenews-large":["https:\/\/agronoticias.es\/de\/wp-content\/uploads\/2024\/03\/Anecoop-asamblea-24.jpg",500,421,false],"morenews-medium":["https:\/\/agronoticias.es\/de\/wp-content\/uploads\/2024\/03\/Anecoop-asamblea-24-500x410.jpg",500,410,true]},"author_info":{"display_name":"admin","author_link":"https:\/\/agronoticias.es\/de\/author\/admin\/"},"category_info":"<a href=\"https:\/\/agronoticias.es\/de\/category\/allgemein\/\" rel=\"category tag\">Allgemein<\/a>","tag_info":"Allgemein","comment_count":"0","_links":{"self":[{"href":"https:\/\/agronoticias.es\/de\/wp-json\/wp\/v2\/posts\/2006","targetHints":{"allow":["GET"]}}],"collection":[{"href":"https:\/\/agronoticias.es\/de\/wp-json\/wp\/v2\/posts"}],"about":[{"href":"https:\/\/agronoticias.es\/de\/wp-json\/wp\/v2\/types\/post"}],"author":[{"embeddable":true,"href":"https:\/\/agronoticias.es\/de\/wp-json\/wp\/v2\/users\/1"}],"replies":[{"embeddable":true,"href":"https:\/\/agronoticias.es\/de\/wp-json\/wp\/v2\/comments?post=2006"}],"version-history":[{"count":2,"href":"https:\/\/agronoticias.es\/de\/wp-json\/wp\/v2\/posts\/2006\/revisions"}],"predecessor-version":[{"id":2010,"href":"https:\/\/agronoticias.es\/de\/wp-json\/wp\/v2\/posts\/2006\/revisions\/2010"}],"wp:featuredmedia":[{"embeddable":true,"href":"https:\/\/agronoticias.es\/de\/wp-json\/wp\/v2\/media\/2007"}],"wp:attachment":[{"href":"https:\/\/agronoticias.es\/de\/wp-json\/wp\/v2\/media?parent=2006"}],"wp:term":[{"taxonomy":"category","embeddable":true,"href":"https:\/\/agronoticias.es\/de\/wp-json\/wp\/v2\/categories?post=2006"},{"taxonomy":"post_tag","embeddable":true,"href":"https:\/\/agronoticias.es\/de\/wp-json\/wp\/v2\/tags?post=2006"}],"curies":[{"name":"wp","href":"https:\/\/api.w.org\/{rel}","templated":true}]}}