{"id":2002,"date":"2024-03-20T16:15:21","date_gmt":"2024-03-20T15:15:21","guid":{"rendered":"https:\/\/agronoticias.es\/de\/?p=2002"},"modified":"2024-03-20T16:15:57","modified_gmt":"2024-03-20T15:15:57","slug":"die-wasserreserven-der-spanischen-talsperren-liegen-bei-578-ihrer-gesamtkapazitat","status":"publish","type":"post","link":"https:\/\/agronoticias.es\/de\/die-wasserreserven-der-spanischen-talsperren-liegen-bei-578-ihrer-gesamtkapazitat\/","title":{"rendered":"Die Wasserreserven der spanischen Talsperren liegen bei 57,8 % ihrer Gesamtkapazit\u00e4t"},"content":{"rendered":"\n<p>Die Wasserreserven der spanischen Talsperren lagen in KW 12\/2024 bei 32.406 hm\u00b3. Das entspricht 57,8 % der Gesamtkapazit\u00e4t und sind 562 hm\u00b3 (1 %) mehr als in der Vorwoche. Die h\u00f6chsten Niederschl\u00e4ge mit 22,1 l\/m2 wurden in Santiago de Compostela gemessen.  Reserven nach Wassereinzugsgebiete:<\/p>\n\n\n\n<p>Cant\u00e1brico Oriental se encuentra al 93,2%<br>Cant\u00e1brico Occidental al 87,8%<br>Mi\u00f1o-Sil al 88,5%<br>Galicia Costa al 92,5%<br>Cuencas internas del Pa\u00eds Vasco al 95,2%<br>Duero al 80,5%<br>Tajo al 73,3%<br>Guadiana al 40,2%<br>Tinto, Odiel y Piedras al 79%<br>Guadalete-Barbate al 21,1%<br>Guadalquivir al 29,8%<br>Cuenca Mediterr\u00e1nea Andaluza al 22%<br>Segura al 20,6%<br>J\u00facar al 51,4%<br>Ebro al 71,1%<br>Cuencas internas de Catalu\u00f1a al 15,2%<br>Quelle: miteco<\/p>\n","protected":false},"excerpt":{"rendered":"<p>Die Wasserreserven der spanischen Talsperren lagen in KW 12\/2024 bei 32.406 hm\u00b3. Das entspricht 57,8 % der Gesamtkapazit\u00e4t<\/p>\n","protected":false},"author":1,"featured_media":2003,"comment_status":"closed","ping_status":"closed","sticky":false,"template":"","format":"standard","meta":{"footnotes":""},"categories":[27],"tags":[],"class_list":["post-2002","post","type-post","status-publish","format-standard","has-post-thumbnail","hentry","category-wasser"],"featured_image_urls":{"full":["https:\/\/agronoticias.es\/de\/wp-content\/uploads\/2024\/03\/pantano-cataluna.jpg",1024,576,false],"thumbnail":["https:\/\/agronoticias.es\/de\/wp-content\/uploads\/2024\/03\/pantano-cataluna-150x150.jpg",150,150,true],"medium":["https:\/\/agronoticias.es\/de\/wp-content\/uploads\/2024\/03\/pantano-cataluna-300x169.jpg",300,169,true],"medium_large":["https:\/\/agronoticias.es\/de\/wp-content\/uploads\/2024\/03\/pantano-cataluna-768x432.jpg",640,360,true],"large":["https:\/\/agronoticias.es\/de\/wp-content\/uploads\/2024\/03\/pantano-cataluna.jpg",640,360,false],"1536x1536":["https:\/\/agronoticias.es\/de\/wp-content\/uploads\/2024\/03\/pantano-cataluna.jpg",1024,576,false],"2048x2048":["https:\/\/agronoticias.es\/de\/wp-content\/uploads\/2024\/03\/pantano-cataluna.jpg",1024,576,false],"morenews-large":["https:\/\/agronoticias.es\/de\/wp-content\/uploads\/2024\/03\/pantano-cataluna-825x575.jpg",825,575,true],"morenews-medium":["https:\/\/agronoticias.es\/de\/wp-content\/uploads\/2024\/03\/pantano-cataluna-590x410.jpg",590,410,true]},"author_info":{"display_name":"admin","author_link":"https:\/\/agronoticias.es\/de\/author\/admin\/"},"category_info":"<a href=\"https:\/\/agronoticias.es\/de\/category\/wasser\/\" rel=\"category tag\">Wasser<\/a>","tag_info":"Wasser","comment_count":"0","_links":{"self":[{"href":"https:\/\/agronoticias.es\/de\/wp-json\/wp\/v2\/posts\/2002","targetHints":{"allow":["GET"]}}],"collection":[{"href":"https:\/\/agronoticias.es\/de\/wp-json\/wp\/v2\/posts"}],"about":[{"href":"https:\/\/agronoticias.es\/de\/wp-json\/wp\/v2\/types\/post"}],"author":[{"embeddable":true,"href":"https:\/\/agronoticias.es\/de\/wp-json\/wp\/v2\/users\/1"}],"replies":[{"embeddable":true,"href":"https:\/\/agronoticias.es\/de\/wp-json\/wp\/v2\/comments?post=2002"}],"version-history":[{"count":2,"href":"https:\/\/agronoticias.es\/de\/wp-json\/wp\/v2\/posts\/2002\/revisions"}],"predecessor-version":[{"id":2005,"href":"https:\/\/agronoticias.es\/de\/wp-json\/wp\/v2\/posts\/2002\/revisions\/2005"}],"wp:featuredmedia":[{"embeddable":true,"href":"https:\/\/agronoticias.es\/de\/wp-json\/wp\/v2\/media\/2003"}],"wp:attachment":[{"href":"https:\/\/agronoticias.es\/de\/wp-json\/wp\/v2\/media?parent=2002"}],"wp:term":[{"taxonomy":"category","embeddable":true,"href":"https:\/\/agronoticias.es\/de\/wp-json\/wp\/v2\/categories?post=2002"},{"taxonomy":"post_tag","embeddable":true,"href":"https:\/\/agronoticias.es\/de\/wp-json\/wp\/v2\/tags?post=2002"}],"curies":[{"name":"wp","href":"https:\/\/api.w.org\/{rel}","templated":true}]}}