{"id":1993,"date":"2024-03-18T10:54:28","date_gmt":"2024-03-18T09:54:28","guid":{"rendered":"https:\/\/agronoticias.es\/de\/?p=1993"},"modified":"2024-03-18T10:54:29","modified_gmt":"2024-03-18T09:54:29","slug":"einzelhandel-erwartet-zu-ostern-22-milliarden-euro","status":"publish","type":"post","link":"https:\/\/agronoticias.es\/de\/einzelhandel-erwartet-zu-ostern-22-milliarden-euro\/","title":{"rendered":"Einzelhandel erwartet zu Ostern 2,2 Milliarden Euro"},"content":{"rendered":"\n<p>F\u00fcr das diesj\u00e4hrige Ostergesch\u00e4ft im Einzelhandel rechnet der Handelsverband Deutschland (HDE) mit einem Umsatz von 2,2 Milliarden Euro. Zu diesem Anlass rund um das Osterfest Geld auszugeben, planen 41 Prozent der Verbraucherinnen und Verbraucher. Das ergab eine im Auftrag des HDE durchgef\u00fchrte, bev\u00f6lkerungsrepr\u00e4sentative Umfrage unter 1.500 Personen. Im Vergleich zum Vorjahr bleiben die Ums\u00e4tze im Ostergesch\u00e4ft damit stabil.<\/p>\n\n\n\n<p>\u201eDas Osterfest ist f\u00fcr den Einzelhandel mit wichtigen Umsatzimpulsen verbunden. In den Gesch\u00e4ften ist das Angebot an anlassbezogener Ware gro\u00df, besonders beliebt sind bei den Verbraucherinnen und Verbrauchern Lebensmittel\u201c, so HDE-Hauptgesch\u00e4ftsf\u00fchrer Stefan Genth. Wer zu Ostern Geschenke kauft, greift laut HDE-Umfrage vor allem zu Lebensmitteln. W\u00e4hrend 74 Prozent Lebensmittel verschenken wollen, planen knapp 47 Prozent den Kauf von Blumen und gut 45 Prozent den Kauf von Dekoartikeln. Auch Spielwaren z\u00e4hlen zu den rund um Ostern meistgekauften Produkten. Die Verbraucherinnen und Verbraucher, die zu Ostern anlassbezogene Ausgaben t\u00e4tigen, geben hierf\u00fcr im Durchschnitt 39 Euro pro Kopf aus.<\/p>\n\n\n\n<p>Aus Sicht des HDE kann das Ostergesch\u00e4ft in diesem Jahr ein besonders wichtiger Impuls f\u00fcr die weitere Entwicklung der Konsumstimmung in Deutschland sein. \u201eDie Konsumlaune der Verbraucherinnen und Verbraucher ist aufgrund der weltweit schwierigen wirtschaftlichen und politischen Lage verhalten. Das diesj\u00e4hrige Ostergesch\u00e4ft kann dazu beitragen, die Konsumstimmung wieder etwas zu verbessern\u201c, so Genth. Nach Weihnachten ist Ostern der zweitgr\u00f6\u00dfte feiertagsbezogene Konsumanlass.<\/p>\n\n\n\n<p>Die bev\u00f6lkerungsrepr\u00e4sentative Umfrage wurde im Auftrag des HDE vom IFH K\u00f6ln durchgef\u00fchrt. Befragt wurden 1.500 Verbraucherinnen und Verbraucher in Deutschland. Quelle und Foto: HDE<\/p>\n","protected":false},"excerpt":{"rendered":"<p>F\u00fcr das diesj\u00e4hrige Ostergesch\u00e4ft im Einzelhandel rechnet der Handelsverband Deutschland (HDE) mit einem Umsatz von 2,2 Milliarden Euro.<\/p>\n","protected":false},"author":1,"featured_media":1994,"comment_status":"closed","ping_status":"closed","sticky":false,"template":"","format":"standard","meta":{"footnotes":""},"categories":[34],"tags":[],"class_list":["post-1993","post","type-post","status-publish","format-standard","has-post-thumbnail","hentry","category-allgemein"],"featured_image_urls":{"full":["https:\/\/agronoticias.es\/de\/wp-content\/uploads\/2024\/03\/Ostereier-DHE.jpg",640,480,false],"thumbnail":["https:\/\/agronoticias.es\/de\/wp-content\/uploads\/2024\/03\/Ostereier-DHE-150x150.jpg",150,150,true],"medium":["https:\/\/agronoticias.es\/de\/wp-content\/uploads\/2024\/03\/Ostereier-DHE-300x225.jpg",300,225,true],"medium_large":["https:\/\/agronoticias.es\/de\/wp-content\/uploads\/2024\/03\/Ostereier-DHE.jpg",640,480,false],"large":["https:\/\/agronoticias.es\/de\/wp-content\/uploads\/2024\/03\/Ostereier-DHE.jpg",640,480,false],"1536x1536":["https:\/\/agronoticias.es\/de\/wp-content\/uploads\/2024\/03\/Ostereier-DHE.jpg",640,480,false],"2048x2048":["https:\/\/agronoticias.es\/de\/wp-content\/uploads\/2024\/03\/Ostereier-DHE.jpg",640,480,false],"morenews-large":["https:\/\/agronoticias.es\/de\/wp-content\/uploads\/2024\/03\/Ostereier-DHE.jpg",640,480,false],"morenews-medium":["https:\/\/agronoticias.es\/de\/wp-content\/uploads\/2024\/03\/Ostereier-DHE-590x410.jpg",590,410,true]},"author_info":{"display_name":"admin","author_link":"https:\/\/agronoticias.es\/de\/author\/admin\/"},"category_info":"<a href=\"https:\/\/agronoticias.es\/de\/category\/allgemein\/\" rel=\"category tag\">Allgemein<\/a>","tag_info":"Allgemein","comment_count":"0","_links":{"self":[{"href":"https:\/\/agronoticias.es\/de\/wp-json\/wp\/v2\/posts\/1993","targetHints":{"allow":["GET"]}}],"collection":[{"href":"https:\/\/agronoticias.es\/de\/wp-json\/wp\/v2\/posts"}],"about":[{"href":"https:\/\/agronoticias.es\/de\/wp-json\/wp\/v2\/types\/post"}],"author":[{"embeddable":true,"href":"https:\/\/agronoticias.es\/de\/wp-json\/wp\/v2\/users\/1"}],"replies":[{"embeddable":true,"href":"https:\/\/agronoticias.es\/de\/wp-json\/wp\/v2\/comments?post=1993"}],"version-history":[{"count":1,"href":"https:\/\/agronoticias.es\/de\/wp-json\/wp\/v2\/posts\/1993\/revisions"}],"predecessor-version":[{"id":1995,"href":"https:\/\/agronoticias.es\/de\/wp-json\/wp\/v2\/posts\/1993\/revisions\/1995"}],"wp:featuredmedia":[{"embeddable":true,"href":"https:\/\/agronoticias.es\/de\/wp-json\/wp\/v2\/media\/1994"}],"wp:attachment":[{"href":"https:\/\/agronoticias.es\/de\/wp-json\/wp\/v2\/media?parent=1993"}],"wp:term":[{"taxonomy":"category","embeddable":true,"href":"https:\/\/agronoticias.es\/de\/wp-json\/wp\/v2\/categories?post=1993"},{"taxonomy":"post_tag","embeddable":true,"href":"https:\/\/agronoticias.es\/de\/wp-json\/wp\/v2\/tags?post=1993"}],"curies":[{"name":"wp","href":"https:\/\/api.w.org\/{rel}","templated":true}]}}