{"id":1983,"date":"2024-03-14T16:08:57","date_gmt":"2024-03-14T15:08:57","guid":{"rendered":"https:\/\/agronoticias.es\/de\/?p=1983"},"modified":"2024-03-14T16:08:58","modified_gmt":"2024-03-14T15:08:58","slug":"murcia-fuhrend-im-spanischen-artischockenexport","status":"publish","type":"post","link":"https:\/\/agronoticias.es\/de\/murcia-fuhrend-im-spanischen-artischockenexport\/","title":{"rendered":"Murcia f\u00fchrend im spanischen Artischockenexport"},"content":{"rendered":"\n<p>Murcia ist bei Artischocken mit einem Anteil von 60% der nationalen Ausfuhren f\u00fchrender Exporteur dieses Produktes. Die wichtigsten Bestimmungsl\u00e4nder sind Frankreich, die Vereinigten Staaten, Deutschland, Italien und Kanada.<\/p>\n\n\n\n<p>Die regionale Landwirtschaftsministerin, Sara Rubira, nahm an der Veranstaltung zum Beginn der zweiten Ernte in Lorca\/Murcia teil, wo sie betonte, dass \u00abwir dank der guten Arbeit der Landwirte, Erzeuger und Unternehmen, die mit dem Agrarlebensmittelsektor verbunden sind, einem wichtigen Pfeiler der regionalen Wirtschaft, zu den f\u00fchrenden Artischockenproduzenten der Welt geh\u00f6ren\u00bb.<\/p>\n\n\n\n<p>Rubira bekr\u00e4ftigte weiter: \u00abDas murcianische Klima ideal f\u00fcr den Anbau von Artischocken, mit einer Qualit\u00e4t, die international anerkannt ist, wie die Tatsache beweist, dass unsere Artischocken in den wichtigsten Superm\u00e4rkten Europas und Nordamerikas zu finden sind\u00bb.<\/p>\n\n\n\n<p>Artischocken verf\u00fcgen \u00fcber zahlreiche gesunde verdauungsf\u00f6rdernde und funktionelle Eigenschaften und sind eines der Gem\u00fcse mit dem h\u00f6chsten Ballaststoffgehalt. Der Anbau beginnt im Sommer mit dem Pflanzen, die Ernte findet zwischen Oktober und April statt.<\/p>\n\n\n\n<p>Lorca ist das murcianische Gebiet mit der gr\u00f6\u00dften Anbaufl\u00e4che f\u00fcr Artischocken (68 %), gefolgt von Torre Pacheco mit 15 % und Totana mit 11 %. Carm\/ds<\/p>\n","protected":false},"excerpt":{"rendered":"<p>Murcia ist bei Artischocken mit einem Anteil von 60% der nationalen Ausfuhren f\u00fchrender Exporteur dieses Produktes. Die wichtigsten<\/p>\n","protected":false},"author":1,"featured_media":1984,"comment_status":"closed","ping_status":"closed","sticky":false,"template":"","format":"standard","meta":{"footnotes":""},"categories":[34],"tags":[],"class_list":["post-1983","post","type-post","status-publish","format-standard","has-post-thumbnail","hentry","category-allgemein"],"featured_image_urls":{"full":["https:\/\/agronoticias.es\/de\/wp-content\/uploads\/2024\/03\/Alcachofas-Murcia.jpg",720,542,false],"thumbnail":["https:\/\/agronoticias.es\/de\/wp-content\/uploads\/2024\/03\/Alcachofas-Murcia-150x150.jpg",150,150,true],"medium":["https:\/\/agronoticias.es\/de\/wp-content\/uploads\/2024\/03\/Alcachofas-Murcia-300x226.jpg",300,226,true],"medium_large":["https:\/\/agronoticias.es\/de\/wp-content\/uploads\/2024\/03\/Alcachofas-Murcia.jpg",640,482,false],"large":["https:\/\/agronoticias.es\/de\/wp-content\/uploads\/2024\/03\/Alcachofas-Murcia.jpg",640,482,false],"1536x1536":["https:\/\/agronoticias.es\/de\/wp-content\/uploads\/2024\/03\/Alcachofas-Murcia.jpg",720,542,false],"2048x2048":["https:\/\/agronoticias.es\/de\/wp-content\/uploads\/2024\/03\/Alcachofas-Murcia.jpg",720,542,false],"morenews-large":["https:\/\/agronoticias.es\/de\/wp-content\/uploads\/2024\/03\/Alcachofas-Murcia.jpg",720,542,false],"morenews-medium":["https:\/\/agronoticias.es\/de\/wp-content\/uploads\/2024\/03\/Alcachofas-Murcia-590x410.jpg",590,410,true]},"author_info":{"display_name":"admin","author_link":"https:\/\/agronoticias.es\/de\/author\/admin\/"},"category_info":"<a href=\"https:\/\/agronoticias.es\/de\/category\/allgemein\/\" rel=\"category tag\">Allgemein<\/a>","tag_info":"Allgemein","comment_count":"0","_links":{"self":[{"href":"https:\/\/agronoticias.es\/de\/wp-json\/wp\/v2\/posts\/1983","targetHints":{"allow":["GET"]}}],"collection":[{"href":"https:\/\/agronoticias.es\/de\/wp-json\/wp\/v2\/posts"}],"about":[{"href":"https:\/\/agronoticias.es\/de\/wp-json\/wp\/v2\/types\/post"}],"author":[{"embeddable":true,"href":"https:\/\/agronoticias.es\/de\/wp-json\/wp\/v2\/users\/1"}],"replies":[{"embeddable":true,"href":"https:\/\/agronoticias.es\/de\/wp-json\/wp\/v2\/comments?post=1983"}],"version-history":[{"count":1,"href":"https:\/\/agronoticias.es\/de\/wp-json\/wp\/v2\/posts\/1983\/revisions"}],"predecessor-version":[{"id":1985,"href":"https:\/\/agronoticias.es\/de\/wp-json\/wp\/v2\/posts\/1983\/revisions\/1985"}],"wp:featuredmedia":[{"embeddable":true,"href":"https:\/\/agronoticias.es\/de\/wp-json\/wp\/v2\/media\/1984"}],"wp:attachment":[{"href":"https:\/\/agronoticias.es\/de\/wp-json\/wp\/v2\/media?parent=1983"}],"wp:term":[{"taxonomy":"category","embeddable":true,"href":"https:\/\/agronoticias.es\/de\/wp-json\/wp\/v2\/categories?post=1983"},{"taxonomy":"post_tag","embeddable":true,"href":"https:\/\/agronoticias.es\/de\/wp-json\/wp\/v2\/tags?post=1983"}],"curies":[{"name":"wp","href":"https:\/\/api.w.org\/{rel}","templated":true}]}}