{"id":1980,"date":"2024-03-14T15:57:50","date_gmt":"2024-03-14T14:57:50","guid":{"rendered":"https:\/\/agronoticias.es\/de\/?p=1980"},"modified":"2024-03-14T15:57:51","modified_gmt":"2024-03-14T14:57:51","slug":"bienenwissenschaftler-treffen-sich-in-munster","status":"publish","type":"post","link":"https:\/\/agronoticias.es\/de\/bienenwissenschaftler-treffen-sich-in-munster\/","title":{"rendered":"Bienenwissenschaftler treffen sich in M\u00fcnster"},"content":{"rendered":"\n<p>Die 71. Jahrestagung der Institute f\u00fcr Bienenforschung wird in diesem Jahr von der Bienenkunde der Landwirtschaftskammer Nordrhein-Westfalen ausgerichtet und findet vom 19. bis 21. M\u00e4rz in M\u00fcnster statt. Bienenwissenschaftlerinnen und -wissenschaftler aus Deutschland und benachbarten L\u00e4ndern treffen sich im F\u00fcrstenberghaus der Universit\u00e4t M\u00fcnster, um ihre aktuellen Forschungsergebnisse vorzustellen und zu diskutieren, teilt die Landwirtschaftskammer Nordrhein-Westfalen mit. 160 Teilnehmerinnen und Teilnehmer aus Landesanstalten, Universit\u00e4ten, Industrie und Fachberatung erwarten \u00fcber 80 wissenschaftliche Beitr\u00e4ge in Form von Vortr\u00e4gen und Postern. Der fachliche Austausch auf dem Gebiet der Bienenforschung und die F\u00f6rderung von Nachwuchswissenschaftlerinnen und \u2013wissenschaftlern steht im Mittelpunkt dieser Tagung. Quelle und Foto: LWK NRW<\/p>\n","protected":false},"excerpt":{"rendered":"<p>Die 71. Jahrestagung der Institute f\u00fcr Bienenforschung wird in diesem Jahr von der Bienenkunde der Landwirtschaftskammer Nordrhein-Westfalen ausgerichtet<\/p>\n","protected":false},"author":1,"featured_media":1981,"comment_status":"closed","ping_status":"closed","sticky":false,"template":"","format":"standard","meta":{"footnotes":""},"categories":[26],"tags":[],"class_list":["post-1980","post","type-post","status-publish","format-standard","has-post-thumbnail","hentry","category-bio"],"featured_image_urls":{"full":["https:\/\/agronoticias.es\/de\/wp-content\/uploads\/2024\/03\/bienenaufwaaben.jpg",200,150,false],"thumbnail":["https:\/\/agronoticias.es\/de\/wp-content\/uploads\/2024\/03\/bienenaufwaaben-150x150.jpg",150,150,true],"medium":["https:\/\/agronoticias.es\/de\/wp-content\/uploads\/2024\/03\/bienenaufwaaben.jpg",200,150,false],"medium_large":["https:\/\/agronoticias.es\/de\/wp-content\/uploads\/2024\/03\/bienenaufwaaben.jpg",200,150,false],"large":["https:\/\/agronoticias.es\/de\/wp-content\/uploads\/2024\/03\/bienenaufwaaben.jpg",200,150,false],"1536x1536":["https:\/\/agronoticias.es\/de\/wp-content\/uploads\/2024\/03\/bienenaufwaaben.jpg",200,150,false],"2048x2048":["https:\/\/agronoticias.es\/de\/wp-content\/uploads\/2024\/03\/bienenaufwaaben.jpg",200,150,false],"morenews-large":["https:\/\/agronoticias.es\/de\/wp-content\/uploads\/2024\/03\/bienenaufwaaben.jpg",200,150,false],"morenews-medium":["https:\/\/agronoticias.es\/de\/wp-content\/uploads\/2024\/03\/bienenaufwaaben.jpg",200,150,false]},"author_info":{"display_name":"admin","author_link":"https:\/\/agronoticias.es\/de\/author\/admin\/"},"category_info":"<a href=\"https:\/\/agronoticias.es\/de\/category\/bio\/\" rel=\"category tag\">Bio<\/a>","tag_info":"Bio","comment_count":"0","_links":{"self":[{"href":"https:\/\/agronoticias.es\/de\/wp-json\/wp\/v2\/posts\/1980","targetHints":{"allow":["GET"]}}],"collection":[{"href":"https:\/\/agronoticias.es\/de\/wp-json\/wp\/v2\/posts"}],"about":[{"href":"https:\/\/agronoticias.es\/de\/wp-json\/wp\/v2\/types\/post"}],"author":[{"embeddable":true,"href":"https:\/\/agronoticias.es\/de\/wp-json\/wp\/v2\/users\/1"}],"replies":[{"embeddable":true,"href":"https:\/\/agronoticias.es\/de\/wp-json\/wp\/v2\/comments?post=1980"}],"version-history":[{"count":1,"href":"https:\/\/agronoticias.es\/de\/wp-json\/wp\/v2\/posts\/1980\/revisions"}],"predecessor-version":[{"id":1982,"href":"https:\/\/agronoticias.es\/de\/wp-json\/wp\/v2\/posts\/1980\/revisions\/1982"}],"wp:featuredmedia":[{"embeddable":true,"href":"https:\/\/agronoticias.es\/de\/wp-json\/wp\/v2\/media\/1981"}],"wp:attachment":[{"href":"https:\/\/agronoticias.es\/de\/wp-json\/wp\/v2\/media?parent=1980"}],"wp:term":[{"taxonomy":"category","embeddable":true,"href":"https:\/\/agronoticias.es\/de\/wp-json\/wp\/v2\/categories?post=1980"},{"taxonomy":"post_tag","embeddable":true,"href":"https:\/\/agronoticias.es\/de\/wp-json\/wp\/v2\/tags?post=1980"}],"curies":[{"name":"wp","href":"https:\/\/api.w.org\/{rel}","templated":true}]}}