{"id":1977,"date":"2024-03-14T11:52:36","date_gmt":"2024-03-14T10:52:36","guid":{"rendered":"https:\/\/agronoticias.es\/de\/?p=1977"},"modified":"2024-03-14T11:52:37","modified_gmt":"2024-03-14T10:52:37","slug":"die-wasserreserven-der-spanischen-talsperren-liegen-bei-568-ihrer-gesamtkapazitat","status":"publish","type":"post","link":"https:\/\/agronoticias.es\/de\/die-wasserreserven-der-spanischen-talsperren-liegen-bei-568-ihrer-gesamtkapazitat\/","title":{"rendered":"Die Wasserreserven der spanischen Talsperren liegen bei 56,8 % ihrer Gesamtkapazit\u00e4t"},"content":{"rendered":"\n<p>Die Wasserreserven der spanischen Talsperren lagen in KW 11\/2024 bei 31.844 hm\u00b3. Das entspricht 56,8 % der Gesamtkapazit\u00e4t und sind 1.171 hm\u00b3 (2,1 %) mehr als in der Vorwoche. Die h\u00f6chsten Niederschl\u00e4ge mit 112,8 l\/m2 wurden in Ceuta gemessen.<\/p>\n\n\n\n<p>Reserven nach Wassereinzugsgebiete:<\/p>\n\n\n\n<p>Cant\u00e1brico Oriental se encuentra al 93,2%<br>Cant\u00e1brico Occidental al 90,4%<br>Mi\u00f1o-Sil al 88,8%<br>Galicia Costa al 92%<br>Cuencas internas del Pa\u00eds Vasco al 95,2%<br>Duero al 77,9%<br>Tajo al 72,9%<br>Guadiana al 39,1%<br>Tinto, Odiel y Piedras al 78,2%<br>Guadalete-Barbate al 20,2%<br>Guadalquivir al 28,5%<br>Cuenca Mediterr\u00e1nea Andaluza al 21,3%<br>Segura al 19,5%<br>J\u00facar al 50,6%<br>Ebro al 70,1%<br>Cuencas internas de Catalu\u00f1a al 14,6%<br>Quelle: Miteco.es<\/p>\n","protected":false},"excerpt":{"rendered":"<p>Die Wasserreserven der spanischen Talsperren lagen in KW 11\/2024 bei 31.844 hm\u00b3. Das entspricht 56,8 % der Gesamtkapazit\u00e4t<\/p>\n","protected":false},"author":1,"featured_media":1978,"comment_status":"closed","ping_status":"closed","sticky":false,"template":"","format":"standard","meta":{"footnotes":""},"categories":[27],"tags":[],"class_list":["post-1977","post","type-post","status-publish","format-standard","has-post-thumbnail","hentry","category-wasser"],"featured_image_urls":{"full":["https:\/\/agronoticias.es\/de\/wp-content\/uploads\/2024\/03\/pantano-Guadales.jpg",500,281,false],"thumbnail":["https:\/\/agronoticias.es\/de\/wp-content\/uploads\/2024\/03\/pantano-Guadales-150x150.jpg",150,150,true],"medium":["https:\/\/agronoticias.es\/de\/wp-content\/uploads\/2024\/03\/pantano-Guadales-300x169.jpg",300,169,true],"medium_large":["https:\/\/agronoticias.es\/de\/wp-content\/uploads\/2024\/03\/pantano-Guadales.jpg",500,281,false],"large":["https:\/\/agronoticias.es\/de\/wp-content\/uploads\/2024\/03\/pantano-Guadales.jpg",500,281,false],"1536x1536":["https:\/\/agronoticias.es\/de\/wp-content\/uploads\/2024\/03\/pantano-Guadales.jpg",500,281,false],"2048x2048":["https:\/\/agronoticias.es\/de\/wp-content\/uploads\/2024\/03\/pantano-Guadales.jpg",500,281,false],"morenews-large":["https:\/\/agronoticias.es\/de\/wp-content\/uploads\/2024\/03\/pantano-Guadales.jpg",500,281,false],"morenews-medium":["https:\/\/agronoticias.es\/de\/wp-content\/uploads\/2024\/03\/pantano-Guadales.jpg",500,281,false]},"author_info":{"display_name":"admin","author_link":"https:\/\/agronoticias.es\/de\/author\/admin\/"},"category_info":"<a href=\"https:\/\/agronoticias.es\/de\/category\/wasser\/\" rel=\"category tag\">Wasser<\/a>","tag_info":"Wasser","comment_count":"0","_links":{"self":[{"href":"https:\/\/agronoticias.es\/de\/wp-json\/wp\/v2\/posts\/1977","targetHints":{"allow":["GET"]}}],"collection":[{"href":"https:\/\/agronoticias.es\/de\/wp-json\/wp\/v2\/posts"}],"about":[{"href":"https:\/\/agronoticias.es\/de\/wp-json\/wp\/v2\/types\/post"}],"author":[{"embeddable":true,"href":"https:\/\/agronoticias.es\/de\/wp-json\/wp\/v2\/users\/1"}],"replies":[{"embeddable":true,"href":"https:\/\/agronoticias.es\/de\/wp-json\/wp\/v2\/comments?post=1977"}],"version-history":[{"count":1,"href":"https:\/\/agronoticias.es\/de\/wp-json\/wp\/v2\/posts\/1977\/revisions"}],"predecessor-version":[{"id":1979,"href":"https:\/\/agronoticias.es\/de\/wp-json\/wp\/v2\/posts\/1977\/revisions\/1979"}],"wp:featuredmedia":[{"embeddable":true,"href":"https:\/\/agronoticias.es\/de\/wp-json\/wp\/v2\/media\/1978"}],"wp:attachment":[{"href":"https:\/\/agronoticias.es\/de\/wp-json\/wp\/v2\/media?parent=1977"}],"wp:term":[{"taxonomy":"category","embeddable":true,"href":"https:\/\/agronoticias.es\/de\/wp-json\/wp\/v2\/categories?post=1977"},{"taxonomy":"post_tag","embeddable":true,"href":"https:\/\/agronoticias.es\/de\/wp-json\/wp\/v2\/tags?post=1977"}],"curies":[{"name":"wp","href":"https:\/\/api.w.org\/{rel}","templated":true}]}}