{"id":1973,"date":"2024-03-14T11:44:16","date_gmt":"2024-03-14T10:44:16","guid":{"rendered":"https:\/\/agronoticias.es\/de\/?p=1973"},"modified":"2024-03-14T11:45:17","modified_gmt":"2024-03-14T10:45:17","slug":"mit-samentuten-lebensraume-fur-insekten-schaffen","status":"publish","type":"post","link":"https:\/\/agronoticias.es\/de\/mit-samentuten-lebensraume-fur-insekten-schaffen\/","title":{"rendered":"Mit Sament\u00fcten Lebensr\u00e4ume f\u00fcr Insekten schaffen"},"content":{"rendered":"\n<p><br>Was sich aus den winzigen Samen der kleinen T\u00fctchen nach nur wenigen Wochen entwickelt, ist nicht nur sch\u00f6n anzusehen, sondern f\u00fcr Tiere wie Wildbienen, Hummeln, K\u00e4fer oder Schmetterlinge der reinste Genuss. Auch in diesem Fr\u00fchjahr erhalten Kundinnen und Kunden am Aktionstag, 19. M\u00e4rz 2024, in teilnehmenden EDEKA-M\u00e4rkten im S\u00fcdwesten das Sament\u00fctchen \u201eInsekten-Liebling\u201d ab einem Einkauf im Wert von zehn Euro und solange der Vorrat reicht.<\/p>\n\n\n\n<p>Verschiedene Samen von heimischen Wildkr\u00e4utern und Kulturarten wie Klatschmohn, Ringelblume, Dill oder wilde M\u00f6hre sind in den T\u00fctchen enthalten und k\u00f6nnen im Garten oder in mehreren Blumenk\u00e4sten oder -t\u00f6pfen auf dem Balkon ausges\u00e4t werden. Nach nur wenigen Wochen sprie\u00dfen dann die Wild- und Kulturpflanzen, die vielen Insekten wichtige Nahrung bieten. \u201eVor genau zehn Jahren haben wir diesen Aktionstag ins Leben gerufen und die ersten Sament\u00fcten an unsere Kundinnen und Kunden verteilt\u201c, berichtet Michaela Meyer, Gesch\u00e4ftsbereichsleiterin Nachhaltigkeit EDEKA S\u00fcdwest stolz und erg\u00e4nzt: \u201eDie Aktion wurde sofort gut angenommen und so sind \u00fcber die Jahre hinweg viele bunte Blumenwiesen entstanden.\u201c Die Bl\u00fchfl\u00e4chen sind wichtig f\u00fcr n\u00fctzliche Tiere wie Schmetterlinge, Wildbienen und weitere Insekten, die sonst immer weniger Lebensraum und Nahrung finden. \u201eOhne unsere heimischen Insekten w\u00fcrde das Gleichgewicht der Natur bald aus den Fugen geraten\u201c, gibt Michaela Meyer zu Bedenken und f\u00fcgt hinzu: \u201eDa viele Nutzpflanzen von Insekten best\u00e4ubt werden, k\u00f6nnte das wiederrum dazu f\u00fchren, dass es irgendwann keine regionalen Lebensmittel gibt.\u201c<\/p>\n\n\n\n<p><strong>Blumenwiesen so gro\u00df wie 1.952 Fu\u00dfballfelder<\/strong><\/p>\n\n\n\n<p>\u00dcber 6,9 Millionen Sament\u00fcten wurden in den EDEKA-M\u00e4rkten im S\u00fcdwesten seit Beginn der Aktion 2014 verteilt. So ergibt sich in den zehn Jahren eine Bl\u00fchfl\u00e4che von insgesamt mehr als 13,9 Millionen Quadratmetern, eine Fl\u00e4che so gro\u00df wie 1.952 Fu\u00dfballfelder. Quelle &#8211; Edeka<\/p>\n","protected":false},"excerpt":{"rendered":"<p>Was sich aus den winzigen Samen der kleinen T\u00fctchen nach nur wenigen Wochen entwickelt, ist nicht nur sch\u00f6n<\/p>\n","protected":false},"author":1,"featured_media":1974,"comment_status":"closed","ping_status":"closed","sticky":false,"template":"","format":"standard","meta":{"footnotes":""},"categories":[26],"tags":[],"class_list":["post-1973","post","type-post","status-publish","format-standard","has-post-thumbnail","hentry","category-bio"],"featured_image_urls":{"full":["https:\/\/agronoticias.es\/de\/wp-content\/uploads\/2024\/03\/mariposa-flor.jpg",500,332,false],"thumbnail":["https:\/\/agronoticias.es\/de\/wp-content\/uploads\/2024\/03\/mariposa-flor-150x150.jpg",150,150,true],"medium":["https:\/\/agronoticias.es\/de\/wp-content\/uploads\/2024\/03\/mariposa-flor-300x199.jpg",300,199,true],"medium_large":["https:\/\/agronoticias.es\/de\/wp-content\/uploads\/2024\/03\/mariposa-flor.jpg",500,332,false],"large":["https:\/\/agronoticias.es\/de\/wp-content\/uploads\/2024\/03\/mariposa-flor.jpg",500,332,false],"1536x1536":["https:\/\/agronoticias.es\/de\/wp-content\/uploads\/2024\/03\/mariposa-flor.jpg",500,332,false],"2048x2048":["https:\/\/agronoticias.es\/de\/wp-content\/uploads\/2024\/03\/mariposa-flor.jpg",500,332,false],"morenews-large":["https:\/\/agronoticias.es\/de\/wp-content\/uploads\/2024\/03\/mariposa-flor.jpg",500,332,false],"morenews-medium":["https:\/\/agronoticias.es\/de\/wp-content\/uploads\/2024\/03\/mariposa-flor.jpg",500,332,false]},"author_info":{"display_name":"admin","author_link":"https:\/\/agronoticias.es\/de\/author\/admin\/"},"category_info":"<a href=\"https:\/\/agronoticias.es\/de\/category\/bio\/\" rel=\"category tag\">Bio<\/a>","tag_info":"Bio","comment_count":"0","_links":{"self":[{"href":"https:\/\/agronoticias.es\/de\/wp-json\/wp\/v2\/posts\/1973","targetHints":{"allow":["GET"]}}],"collection":[{"href":"https:\/\/agronoticias.es\/de\/wp-json\/wp\/v2\/posts"}],"about":[{"href":"https:\/\/agronoticias.es\/de\/wp-json\/wp\/v2\/types\/post"}],"author":[{"embeddable":true,"href":"https:\/\/agronoticias.es\/de\/wp-json\/wp\/v2\/users\/1"}],"replies":[{"embeddable":true,"href":"https:\/\/agronoticias.es\/de\/wp-json\/wp\/v2\/comments?post=1973"}],"version-history":[{"count":2,"href":"https:\/\/agronoticias.es\/de\/wp-json\/wp\/v2\/posts\/1973\/revisions"}],"predecessor-version":[{"id":1976,"href":"https:\/\/agronoticias.es\/de\/wp-json\/wp\/v2\/posts\/1973\/revisions\/1976"}],"wp:featuredmedia":[{"embeddable":true,"href":"https:\/\/agronoticias.es\/de\/wp-json\/wp\/v2\/media\/1974"}],"wp:attachment":[{"href":"https:\/\/agronoticias.es\/de\/wp-json\/wp\/v2\/media?parent=1973"}],"wp:term":[{"taxonomy":"category","embeddable":true,"href":"https:\/\/agronoticias.es\/de\/wp-json\/wp\/v2\/categories?post=1973"},{"taxonomy":"post_tag","embeddable":true,"href":"https:\/\/agronoticias.es\/de\/wp-json\/wp\/v2\/tags?post=1973"}],"curies":[{"name":"wp","href":"https:\/\/api.w.org\/{rel}","templated":true}]}}