{"id":1890,"date":"2024-03-11T12:08:24","date_gmt":"2024-03-11T11:08:24","guid":{"rendered":"https:\/\/agronoticias.es\/de\/?p=1890"},"modified":"2024-03-11T12:08:24","modified_gmt":"2024-03-11T11:08:24","slug":"aldi-sud-wird-hauptpartner-der-gemuseackerdemie","status":"publish","type":"post","link":"https:\/\/agronoticias.es\/de\/aldi-sud-wird-hauptpartner-der-gemuseackerdemie\/","title":{"rendered":"Aldi S\u00fcd wird Hauptpartner der Gem\u00fcseackerdemie"},"content":{"rendered":"<p align=\"justify\"><span lang=\"de-DE\">ALDI S\u00dcD vertieft die langj\u00e4hrige Partnerschaft mit dem Sozialunternehmen Acker, um langfristig dazu beizutragen, jedem Kind in Deutschland den Zugang zur Ern\u00e4hrungsbildung zu erm\u00f6glichen. Ein besonderer Schwerpunkt liegt auf dem Bildungsprogramm Gem\u00fcseAckerdemie. Seit Anfang 2024 ist ALDI S\u00dcD Hauptpartner des Programms. Eltern, die sich f\u00fcr Ern\u00e4hrungsbildung an Schulen und Kinderg\u00e4rten einsetzen m\u00f6chten, k\u00f6nnen sich auf der Acker Website weiter informieren.<\/span><\/p>\n<p align=\"justify\"><span lang=\"de-DE\">Bereits seit 2016 unterst\u00fctzt ALDI S\u00dcD das Sozialunternehmen Acker, das die Wertsch\u00e4tzung f\u00fcr nat\u00fcrliche Lebensmittel in der Gesellschaft f\u00f6rdert. Dieses Ziel erreicht Acker u. a. mit der Gem\u00fcseAckerdemie, deren Hauptpartner ALDI S\u00dcD seit Beginn des Jahres ist. In dem Bildungsprogramm s\u00e4hen, pflanzen und ernten Kinder und Jugendliche an Schulen ihr eigenes Gem\u00fcse und erleben so unmittelbar, woher das Essen auf ihren Tellern kommt. Das Bildungsprogramm bereitet die involvierten P\u00e4dagog:innen darauf vor, das Programm selbst\u00e4ndig umzusetzen und den Acker nach der Teilnahme an der Gem\u00fcseAckerdemie mit den Sch\u00fcler:innen weiter zu bewirtschaften.<\/span><\/p>\n<p align=\"justify\"><span lang=\"de-DE\">Acker \u00fcberpr\u00fcft j\u00e4hrlich die Effekte der Gem\u00fcseAckerdemie anhand wissenschaftlicher Wirkungsanalysen, die zeigen: Durch die Teilnahme entwickeln 68 Prozent der Kinder mehr Wertsch\u00e4tzung und Interesse f\u00fcr Gem\u00fcse, 44 Prozent bewegen sich regelm\u00e4\u00dfiger an der frischen Luft und 58 Prozent steigern sogar ihren Gem\u00fcsekonsum.<\/span><\/p>\n<p align=\"justify\"><span lang=\"de-DE\">Bereits rund 60.000 Kinder mit Bildungsangebot im Aldi S\u00fcd Gebiet erreicht<\/span><\/p>\n<p align=\"justify\">\u201e<span lang=\"de-DE\">Wir freuen uns sehr, ALDI S\u00dcD nun als Hauptpartner an unserer Seite zu haben und auf unsere langj\u00e4hrige Zusammenarbeit aufzubauen. Seit Beginn der Zusammenarbeit konnten wir gemeinsam knapp 60.000 Kinder und Jugendliche im ALDI S\u00dcD Gebiet erreichen und diese f\u00fcr einen nachhaltigen Umgang mit Lebensmitteln und eine bewusste Ern\u00e4hrung begeistern\u201c, so Gr\u00fcnder und Gesch\u00e4ftsf\u00fchrer von Acker, Dr. Christoph Schmitz. Bundesweit hat Acker mit seinen Bildungsprogrammen bereits mehr als 234.000 Kinder und Jugendliche f\u00fcr frische Lebensmittel, Natur und Nachhaltigkeit begeistert. Das Ziel: Bis 2030 jedem Kind in Deutschland zu erm\u00f6glichen, den Wachstums- und Wertsch\u00f6pfungsprozess von Lebensmitteln auf dem Acker selbst zu erleben. \u201eDaf\u00fcr braucht es starke Partner wie ALDI S\u00dcD an unserer Seite!\u201c, so Schmitz.<\/span><\/p>\n<p align=\"justify\">\u201e<span lang=\"de-DE\">Wer bei ALDI S\u00dcD arbeitet, sieht jeden Tag, dass Wertsch\u00e4tzung von Lebensmitteln genau dann entsteht, wenn man t\u00e4glich damit zu tun hat. Wir bei ALDI S\u00dcD sind stolz darauf, dass wir Acker e. V. unterst\u00fctzen d\u00fcrfen. Es ist beeindruckend zu sehen, was Acker in den Schulen mit der Gem\u00fcseAckerdemie f\u00fcr die Ern\u00e4hrungsbildung erreicht\u2018\u2018 , betont Erik D\u00f6bele, Managing Director National Buying &amp; Services bei ALDI S\u00dcD. Quelle und Foto: Aldi S\u00fcd<\/span><\/p>\n","protected":false},"excerpt":{"rendered":"<p>ALDI S\u00dcD vertieft die langj\u00e4hrige Partnerschaft mit dem Sozialunternehmen Acker, um langfristig dazu beizutragen, jedem Kind in Deutschland<\/p>\n","protected":false},"author":1,"featured_media":1891,"comment_status":"closed","ping_status":"closed","sticky":false,"template":"","format":"standard","meta":{"footnotes":""},"categories":[34],"tags":[],"class_list":["post-1890","post","type-post","status-publish","format-standard","has-post-thumbnail","hentry","category-allgemein"],"featured_image_urls":{"full":["https:\/\/agronoticias.es\/de\/wp-content\/uploads\/2024\/03\/Aldi-Sud-Ackerdemie.jpg",1500,1000,false],"thumbnail":["https:\/\/agronoticias.es\/de\/wp-content\/uploads\/2024\/03\/Aldi-Sud-Ackerdemie-150x150.jpg",150,150,true],"medium":["https:\/\/agronoticias.es\/de\/wp-content\/uploads\/2024\/03\/Aldi-Sud-Ackerdemie-300x200.jpg",300,200,true],"medium_large":["https:\/\/agronoticias.es\/de\/wp-content\/uploads\/2024\/03\/Aldi-Sud-Ackerdemie-768x512.jpg",640,427,true],"large":["https:\/\/agronoticias.es\/de\/wp-content\/uploads\/2024\/03\/Aldi-Sud-Ackerdemie-1024x683.jpg",640,427,true],"1536x1536":["https:\/\/agronoticias.es\/de\/wp-content\/uploads\/2024\/03\/Aldi-Sud-Ackerdemie.jpg",1500,1000,false],"2048x2048":["https:\/\/agronoticias.es\/de\/wp-content\/uploads\/2024\/03\/Aldi-Sud-Ackerdemie.jpg",1500,1000,false],"morenews-large":["https:\/\/agronoticias.es\/de\/wp-content\/uploads\/2024\/03\/Aldi-Sud-Ackerdemie-825x575.jpg",825,575,true],"morenews-medium":["https:\/\/agronoticias.es\/de\/wp-content\/uploads\/2024\/03\/Aldi-Sud-Ackerdemie-590x410.jpg",590,410,true]},"author_info":{"display_name":"admin","author_link":"https:\/\/agronoticias.es\/de\/author\/admin\/"},"category_info":"<a href=\"https:\/\/agronoticias.es\/de\/category\/allgemein\/\" rel=\"category tag\">Allgemein<\/a>","tag_info":"Allgemein","comment_count":"0","_links":{"self":[{"href":"https:\/\/agronoticias.es\/de\/wp-json\/wp\/v2\/posts\/1890","targetHints":{"allow":["GET"]}}],"collection":[{"href":"https:\/\/agronoticias.es\/de\/wp-json\/wp\/v2\/posts"}],"about":[{"href":"https:\/\/agronoticias.es\/de\/wp-json\/wp\/v2\/types\/post"}],"author":[{"embeddable":true,"href":"https:\/\/agronoticias.es\/de\/wp-json\/wp\/v2\/users\/1"}],"replies":[{"embeddable":true,"href":"https:\/\/agronoticias.es\/de\/wp-json\/wp\/v2\/comments?post=1890"}],"version-history":[{"count":1,"href":"https:\/\/agronoticias.es\/de\/wp-json\/wp\/v2\/posts\/1890\/revisions"}],"predecessor-version":[{"id":1892,"href":"https:\/\/agronoticias.es\/de\/wp-json\/wp\/v2\/posts\/1890\/revisions\/1892"}],"wp:featuredmedia":[{"embeddable":true,"href":"https:\/\/agronoticias.es\/de\/wp-json\/wp\/v2\/media\/1891"}],"wp:attachment":[{"href":"https:\/\/agronoticias.es\/de\/wp-json\/wp\/v2\/media?parent=1890"}],"wp:term":[{"taxonomy":"category","embeddable":true,"href":"https:\/\/agronoticias.es\/de\/wp-json\/wp\/v2\/categories?post=1890"},{"taxonomy":"post_tag","embeddable":true,"href":"https:\/\/agronoticias.es\/de\/wp-json\/wp\/v2\/tags?post=1890"}],"curies":[{"name":"wp","href":"https:\/\/api.w.org\/{rel}","templated":true}]}}