{"id":1872,"date":"2024-03-11T11:29:34","date_gmt":"2024-03-11T10:29:34","guid":{"rendered":"https:\/\/agronoticias.es\/de\/?p=1872"},"modified":"2024-03-11T11:31:00","modified_gmt":"2024-03-11T10:31:00","slug":"dfhv-okonomisch-und-okologisch-sinnlos-und-europarechtlich-fragwurdig","status":"publish","type":"post","link":"https:\/\/agronoticias.es\/de\/dfhv-okonomisch-und-okologisch-sinnlos-und-europarechtlich-fragwurdig\/","title":{"rendered":"DFHV &#8211; \u201e\u00d6konomisch und \u00f6kologisch sinnlos und europarechtlich fragw\u00fcrdig\u201c"},"content":{"rendered":"<p align=\"justify\">\u201e<span lang=\"de-DE\">Der jetzt gefundene europ\u00e4ische Kompromiss zur Verpackungsverordnung ist aus unserer Sicht \u00f6konomisch und \u00f6kologisch sinnlos. Und er ist ein massiver Versto\u00df gegen das Prinzip des freien Binnenmarktes \u201c erkl\u00e4rte der Gesch\u00e4ftsf\u00fchrer des Deutschen Fruchthandelsverbandes e.V. (DFHV), Dr. Andreas Br\u00fcgger. Kommission, Parlament und Rat der EU hatten sich auf einen Text geeinigt, der unter anderem ein Verbot von Plastikverpackungen f\u00fcr Obst und Gem\u00fcse vorsieht. Die Mitgliedsstaaten sollen jedoch nationale Ausnahmen zu dem Verbot regeln d\u00fcrfen.<\/span><\/p>\n<p align=\"justify\">\u201e<span lang=\"de-DE\">Die jetzt vorgeschlagene L\u00f6sung\u201c, so Br\u00fcgger, \u201ebietet bezogen auf den gesamten Lebensmittelmarkt kaum Einsparungen bei Kunststoffverpackungen. Sie f\u00fchrt vielmehr dazu, dass in der gesamten Lieferkette und in den privaten Haushalten mehr Ware weggeworfen werden wird, weil gerade bei empfindlichem Obst und Gem\u00fcse der Schutz durch eine optimale Verpackung fehlt.\u201cDie vorgesehene nationale Ausnahmeregelung sei zus\u00e4tzlich ein grober Versto\u00df gegen die Prinzipien des Binnenmarktes. \u201eFaktisch schafft die Regelung den Binnenmarkt f\u00fcr in Kunststoff verpacktes Obst und Gem\u00fcse ab\u201c, sagt Br\u00fcgger. \u201eVerst\u00f6rend ist, dass dieser Angriff auf die Grundprinzipien der EU ausgerechnet von ihren Institutionen selbst ausgeht.\u201c<\/span><\/p>\n<p align=\"justify\"><span lang=\"de-DE\">Der DFHV setzt jetzt alle Hoffnung auf eine Ablehnung des Kompromisses bei den abschlie\u00dfenden Verhandlungen im EU-Rat und dem EU-Parlament. In beiden Gremien sei die Verpackungsverordnung h\u00f6chst umstritten. Eine Enthaltung Deutschlands, die im Gespr\u00e4ch sei, k\u00f6nne die Verpackungsverordnung in der jetzigen Form noch stoppen. Quelle: DFHV<\/span><\/p>\n","protected":false},"excerpt":{"rendered":"<p>\u201eDer jetzt gefundene europ\u00e4ische Kompromiss zur Verpackungsverordnung ist aus unserer Sicht \u00f6konomisch und \u00f6kologisch sinnlos. Und er ist<\/p>\n","protected":false},"author":1,"featured_media":1873,"comment_status":"closed","ping_status":"closed","sticky":false,"template":"","format":"standard","meta":{"footnotes":""},"categories":[34,26],"tags":[],"class_list":["post-1872","post","type-post","status-publish","format-standard","has-post-thumbnail","hentry","category-allgemein","category-bio"],"featured_image_urls":{"full":["https:\/\/agronoticias.es\/de\/wp-content\/uploads\/2024\/03\/pimientoflowpack.jpg",500,281,false],"thumbnail":["https:\/\/agronoticias.es\/de\/wp-content\/uploads\/2024\/03\/pimientoflowpack-150x150.jpg",150,150,true],"medium":["https:\/\/agronoticias.es\/de\/wp-content\/uploads\/2024\/03\/pimientoflowpack-300x169.jpg",300,169,true],"medium_large":["https:\/\/agronoticias.es\/de\/wp-content\/uploads\/2024\/03\/pimientoflowpack.jpg",500,281,false],"large":["https:\/\/agronoticias.es\/de\/wp-content\/uploads\/2024\/03\/pimientoflowpack.jpg",500,281,false],"1536x1536":["https:\/\/agronoticias.es\/de\/wp-content\/uploads\/2024\/03\/pimientoflowpack.jpg",500,281,false],"2048x2048":["https:\/\/agronoticias.es\/de\/wp-content\/uploads\/2024\/03\/pimientoflowpack.jpg",500,281,false],"morenews-large":["https:\/\/agronoticias.es\/de\/wp-content\/uploads\/2024\/03\/pimientoflowpack.jpg",500,281,false],"morenews-medium":["https:\/\/agronoticias.es\/de\/wp-content\/uploads\/2024\/03\/pimientoflowpack.jpg",500,281,false]},"author_info":{"display_name":"admin","author_link":"https:\/\/agronoticias.es\/de\/author\/admin\/"},"category_info":"<a href=\"https:\/\/agronoticias.es\/de\/category\/allgemein\/\" rel=\"category tag\">Allgemein<\/a> <a href=\"https:\/\/agronoticias.es\/de\/category\/bio\/\" rel=\"category tag\">Bio<\/a>","tag_info":"Bio","comment_count":"0","_links":{"self":[{"href":"https:\/\/agronoticias.es\/de\/wp-json\/wp\/v2\/posts\/1872","targetHints":{"allow":["GET"]}}],"collection":[{"href":"https:\/\/agronoticias.es\/de\/wp-json\/wp\/v2\/posts"}],"about":[{"href":"https:\/\/agronoticias.es\/de\/wp-json\/wp\/v2\/types\/post"}],"author":[{"embeddable":true,"href":"https:\/\/agronoticias.es\/de\/wp-json\/wp\/v2\/users\/1"}],"replies":[{"embeddable":true,"href":"https:\/\/agronoticias.es\/de\/wp-json\/wp\/v2\/comments?post=1872"}],"version-history":[{"count":1,"href":"https:\/\/agronoticias.es\/de\/wp-json\/wp\/v2\/posts\/1872\/revisions"}],"predecessor-version":[{"id":1874,"href":"https:\/\/agronoticias.es\/de\/wp-json\/wp\/v2\/posts\/1872\/revisions\/1874"}],"wp:featuredmedia":[{"embeddable":true,"href":"https:\/\/agronoticias.es\/de\/wp-json\/wp\/v2\/media\/1873"}],"wp:attachment":[{"href":"https:\/\/agronoticias.es\/de\/wp-json\/wp\/v2\/media?parent=1872"}],"wp:term":[{"taxonomy":"category","embeddable":true,"href":"https:\/\/agronoticias.es\/de\/wp-json\/wp\/v2\/categories?post=1872"},{"taxonomy":"post_tag","embeddable":true,"href":"https:\/\/agronoticias.es\/de\/wp-json\/wp\/v2\/tags?post=1872"}],"curies":[{"name":"wp","href":"https:\/\/api.w.org\/{rel}","templated":true}]}}